{"id":130,"date":"2016-06-16T15:56:38","date_gmt":"2016-06-16T15:56:38","guid":{"rendered":"http:\/\/www.tarragonaradio.cat\/elpontdemahoma\/?p=130"},"modified":"2016-06-20T11:12:31","modified_gmt":"2016-06-20T11:12:31","slug":"pont-de-mahoma-de-comiat-de-loscar","status":"publish","type":"post","link":"https:\/\/www.tarragonaradio.cat\/elpontdemahoma\/2016\/06\/16\/pont-de-mahoma-de-comiat-de-loscar\/","title":{"rendered":"Hem acomiadat el company de cordada radiof\u00f2nica"},"content":{"rendered":"<p style=\"text-align: justify;\">Hem arrencat escoltant alguns dels moments que hem viscut en aquest mateix programa: amb les veus de\u00a0<strong>Juanito Oiarzabal<\/strong>, <strong>Patxi Go\u00f1i<\/strong> i <strong>Kurt Diemberger<\/strong>, tots tres parlant del <strong>Broad Peak<\/strong>. Tal i com relata l\u2019alpinista austr\u00edac, contemplar una posta de sol per sobre dels vuitmil metres, \u00e9s una experi\u00e8ncia \u2018d\u2019una bellesa extrema\u2019. Una situaci\u00f3 que nom\u00e9s poden descriure aquells que l\u2019han viscut en primera persona. \u00c9s una instant\u00e0nia que est\u00e0 a l\u2019abast de molt poques persones.<img loading=\"lazy\" decoding=\"async\" class=\"size-medium wp-image-131 aligncenter\" src=\"http:\/\/www.tarragonaradio.cat\/elpontdemahoma\/wp-content\/uploads\/2016\/06\/pont-de-mahoma.jpg-300x172.png\" alt=\"pont de mahoma.jpg\" width=\"300\" height=\"172\" srcset=\"https:\/\/www.tarragonaradio.cat\/elpontdemahoma\/wp-content\/uploads\/2016\/06\/pont-de-mahoma.jpg-300x172.png 300w, https:\/\/www.tarragonaradio.cat\/elpontdemahoma\/wp-content\/uploads\/2016\/06\/pont-de-mahoma.jpg.png 381w\" sizes=\"auto, (max-width: 300px) 100vw, 300px\" \/>No s\u2019hi arriba directament all\u00e0 dalt. Cal una intensa preparaci\u00f3 pr\u00e8via, i portar a la motxilla el bagatge d\u2019anys d\u2019expedicions. Ja hi ha una primera prova de foc, que \u00e9s\u00a0creuar la imponent glacera del Baltoro. Com diu <strong>Patxi Go\u00f1i<\/strong>, &#8216;no saps si veritablement ets un muntanyenc, fins que no vius en pr\u00f2pia carn la duresa d\u2019aquesta inh\u00f2spita vall&#8217;.<img loading=\"lazy\" decoding=\"async\" class=\"size-medium wp-image-133 aligncenter\" src=\"http:\/\/www.tarragonaradio.cat\/elpontdemahoma\/wp-content\/uploads\/2016\/06\/IMG_2727-300x225.jpg\" alt=\"IMG_2727\" width=\"300\" height=\"225\" srcset=\"https:\/\/www.tarragonaradio.cat\/elpontdemahoma\/wp-content\/uploads\/2016\/06\/IMG_2727-300x225.jpg 300w, https:\/\/www.tarragonaradio.cat\/elpontdemahoma\/wp-content\/uploads\/2016\/06\/IMG_2727-768x576.jpg 768w, https:\/\/www.tarragonaradio.cat\/elpontdemahoma\/wp-content\/uploads\/2016\/06\/IMG_2727-1024x768.jpg 1024w\" sizes=\"auto, (max-width: 300px) 100vw, 300px\" \/>En un parell de dies, el company de cordada del programa, l\u2019<strong>\u00d2scar Cadiach<\/strong>, reviur\u00e0 aquestes sensacions.<\/p>\n<p style=\"text-align: justify;\"><img loading=\"lazy\" decoding=\"async\" class=\"size-medium wp-image-140 aligncenter\" src=\"http:\/\/www.tarragonaradio.cat\/elpontdemahoma\/wp-content\/uploads\/2016\/06\/IMG_2593-300x225.jpg\" alt=\"IMG_2593\" width=\"300\" height=\"225\" srcset=\"https:\/\/www.tarragonaradio.cat\/elpontdemahoma\/wp-content\/uploads\/2016\/06\/IMG_2593-300x225.jpg 300w, https:\/\/www.tarragonaradio.cat\/elpontdemahoma\/wp-content\/uploads\/2016\/06\/IMG_2593-768x576.jpg 768w, https:\/\/www.tarragonaradio.cat\/elpontdemahoma\/wp-content\/uploads\/2016\/06\/IMG_2593-1024x768.jpg 1024w\" sizes=\"auto, (max-width: 300px) 100vw, 300px\" \/>La glacera l\u2019espera en un parell de setmanes, quan despr\u00e9s de trepitjar Skardu els menar\u00e0 fins a la porta de conflu\u00e8ncia de glaceres de <strong>Conc\u00f2rdia<\/strong> i, a l\u2019altra banda, el camp base del Broad.<img loading=\"lazy\" decoding=\"async\" class=\"size-medium wp-image-132 aligncenter\" src=\"http:\/\/www.tarragonaradio.cat\/elpontdemahoma\/wp-content\/uploads\/2016\/06\/IMG_3039-300x225.jpg\" alt=\"IMG_3039\" width=\"300\" height=\"225\" srcset=\"https:\/\/www.tarragonaradio.cat\/elpontdemahoma\/wp-content\/uploads\/2016\/06\/IMG_3039-300x225.jpg 300w, https:\/\/www.tarragonaradio.cat\/elpontdemahoma\/wp-content\/uploads\/2016\/06\/IMG_3039-768x576.jpg 768w, https:\/\/www.tarragonaradio.cat\/elpontdemahoma\/wp-content\/uploads\/2016\/06\/IMG_3039-1024x768.jpg 1024w\" sizes=\"auto, (max-width: 300px) 100vw, 300px\" \/><\/p>\n<p style=\"text-align: justify;\">Un Cadiach que ha escoltat amb emoci\u00f3 la veu del President <strong>Carles Puigdemont<\/strong>, tot dessitjant-li sort en l&#8217;intent de cim.\u00a0Aquest \u00e9s el darrer programa abans de la seva partida. I tamb\u00e9 la setmana en la que hem lamentat la partida per sempre m\u00e9s d\u2019un dels referents de l\u2019alpinisme del nostre\u00a0pa\u00eds, el <strong>Nil Bohigas<\/strong>.\u00a0 D\u2019ell, del Nil, podr\u00edem dir moltes coses; podr\u00edem parlar de la cara Sud de <strong>l&#8217;Annapurna<\/strong>\u00a0amb l\u2019<strong>Enric Lucas<\/strong>; una de les gestes m\u00e9s dures i dif\u00edcils de l\u2019alpinisme catal\u00e0. Podr\u00edem parlar\u00a0tamb\u00e9\u00a0de la seva vessant com a gran explorador \u00e0rtic&#8230; i no acabar\u00edem!<\/p>\n<p style=\"text-align: justify;\">Que trobis all\u00e0 on siguis NIl, la mirada dels D\u00e9us de les grans muntanyes. T\u2019imagino aix\u00ed, contemplant una posta de sol per sobre dels vuitmil metres, molt per sobre, al costat de Hermann Buhl i tant altres. Descansa en pau, Nil!\u00a0A ell, al Nil Bohigas, li dediquem aquest Pont de Mahoma, el n\u00famero 59 que hem fet\u00a0des de Fleca Flaqu\u00e9.<\/p>\n<p style=\"text-align: justify;\"><img loading=\"lazy\" decoding=\"async\" class=\"size-medium wp-image-134 aligncenter\" src=\"http:\/\/www.tarragonaradio.cat\/elpontdemahoma\/wp-content\/uploads\/2016\/06\/fleca-300x168.jpg\" alt=\"fleca\" width=\"300\" height=\"168\" srcset=\"https:\/\/www.tarragonaradio.cat\/elpontdemahoma\/wp-content\/uploads\/2016\/06\/fleca-300x168.jpg 300w, https:\/\/www.tarragonaradio.cat\/elpontdemahoma\/wp-content\/uploads\/2016\/06\/fleca-768x431.jpg 768w, https:\/\/www.tarragonaradio.cat\/elpontdemahoma\/wp-content\/uploads\/2016\/06\/fleca.jpg 1024w\" sizes=\"auto, (max-width: 300px) 100vw, 300px\" \/><\/p>\n<p>Un programa en el qual la companya Montse Puig ens ha recomanat anar a caminar per la Serra de Tramuntana, a Mallorca. I on tamb\u00e9 hem anat fins al restaurant la Cooperativa, a Sant Miquel de Balany\u00e0, per saludar un amic alpinista i escriptor, l&#8217;<strong>Edu Sallent<\/strong>.<\/p>\n<p><img loading=\"lazy\" decoding=\"async\" class=\"size-medium wp-image-136 aligncenter\" src=\"http:\/\/www.tarragonaradio.cat\/elpontdemahoma\/wp-content\/uploads\/2016\/06\/IMG_1391-300x225.jpg\" alt=\"Edu Sallent amb \u00d2scar Cadiach\" width=\"300\" height=\"225\" srcset=\"https:\/\/www.tarragonaradio.cat\/elpontdemahoma\/wp-content\/uploads\/2016\/06\/IMG_1391-300x225.jpg 300w, https:\/\/www.tarragonaradio.cat\/elpontdemahoma\/wp-content\/uploads\/2016\/06\/IMG_1391-768x576.jpg 768w, https:\/\/www.tarragonaradio.cat\/elpontdemahoma\/wp-content\/uploads\/2016\/06\/IMG_1391-1024x768.jpg 1024w\" sizes=\"auto, (max-width: 300px) 100vw, 300px\" \/><\/p>\n<p>Avui, amb Montse Puig, \u00d2scar Cadiach, Rafa Olivier -com a convidat especial- i els sempre presents Ricard Fern\u00e1ndez i Jordi Mena. Amb Joan Maria Bertran i Lluis Comes a la realitzaci\u00f3 t\u00e8cnica, i Josep Su\u00f1\u00e9 a la conducci\u00f3 de la cordada radiof\u00f2nica.<\/p>\n<p><a href=\"http:\/\/www.tarragonaradio.cat\/contingut_programa\/el_pont_de_mahoma_comiat_de_loscar_cadiach_\/1\/837\/11252\">Escolta el programa:\u00a0<\/a><\/p>\n<a class=\"synved-social-button synved-social-button-share synved-social-size-48 synved-social-resolution-single synved-social-provider-facebook nolightbox\" data-provider=\"facebook\" target=\"_blank\" rel=\"nofollow\" title=\"Compartir a Facebook\" href=\"https:\/\/www.facebook.com\/sharer.php?u=https%3A%2F%2Fwww.tarragonaradio.cat%2Felpontdemahoma%2Fwp-json%2Fwp%2Fv2%2Fposts%2F130&#038;t=Hem%20acomiadat%20el%20company%20de%20cordada%20radiof%C3%B2nica&#038;s=100&#038;p&#091;url&#093;=https%3A%2F%2Fwww.tarragonaradio.cat%2Felpontdemahoma%2Fwp-json%2Fwp%2Fv2%2Fposts%2F130&#038;p&#091;images&#093;&#091;0&#093;=https%3A%2F%2Fwww.tarragonaradio.cat%2Felpontdemahoma%2Fwp-content%2Fuploads%2F2016%2F06%2FIMG_3039.jpg&#038;p&#091;title&#093;=Hem%20acomiadat%20el%20company%20de%20cordada%20radiof%C3%B2nica\" style=\"font-size: 0px;width:48px;height:48px;margin:0;margin-bottom:5px;margin-right:5px\"><img loading=\"lazy\" decoding=\"async\" alt=\"Facebook\" title=\"Compartir a Facebook\" class=\"synved-share-image synved-social-image synved-social-image-share\" width=\"48\" height=\"48\" style=\"display: inline;width:48px;height:48px;margin: 0;padding: 0;border: none;box-shadow: none\" src=\"https:\/\/www.tarragonaradio.cat\/elpontdemahoma\/wp-content\/plugins\/social-media-feather\/synved-social\/image\/social\/regular\/96x96\/facebook.png\" \/><\/a><a class=\"synved-social-button synved-social-button-share synved-social-size-48 synved-social-resolution-single synved-social-provider-twitter nolightbox\" data-provider=\"twitter\" target=\"_blank\" rel=\"nofollow\" title=\"Compartir a Twitter\" href=\"https:\/\/twitter.com\/intent\/tweet?url=https%3A%2F%2Fwww.tarragonaradio.cat%2Felpontdemahoma%2Fwp-json%2Fwp%2Fv2%2Fposts%2F130&#038;text=Hey%20check%20this%20out\" style=\"font-size: 0px;width:48px;height:48px;margin:0;margin-bottom:5px\"><img loading=\"lazy\" decoding=\"async\" alt=\"twitter\" title=\"Compartir a Twitter\" class=\"synved-share-image synved-social-image synved-social-image-share\" width=\"48\" height=\"48\" style=\"display: inline;width:48px;height:48px;margin: 0;padding: 0;border: none;box-shadow: none\" src=\"https:\/\/www.tarragonaradio.cat\/elpontdemahoma\/wp-content\/plugins\/social-media-feather\/synved-social\/image\/social\/regular\/96x96\/twitter.png\" \/><\/a>","protected":false},"excerpt":{"rendered":"<p>Hem arrencat escoltant alguns dels moments que hem viscut en aquest mateix programa: amb les veus de\u00a0Juanito Oiarzabal, Patxi Go\u00f1i i Kurt Diemberger, tots tres parlant del Broad Peak. Tal i com relata l\u2019alpinista austr\u00edac, contemplar una posta de sol per sobre dels vuitmil metres, \u00e9s una experi\u00e8ncia \u2018d\u2019una bellesa extrema\u2019. Una situaci\u00f3 que nom\u00e9s &hellip; <a href=\"https:\/\/www.tarragonaradio.cat\/elpontdemahoma\/2016\/06\/16\/pont-de-mahoma-de-comiat-de-loscar\/\" class=\"more-link\">Continua la lectura de <span class=\"screen-reader-text\">Hem acomiadat el company de cordada radiof\u00f2nica<\/span> <span class=\"meta-nav\">&rarr;<\/span><\/a><\/p>\n","protected":false},"author":1,"featured_media":132,"comment_status":"open","ping_status":"closed","sticky":false,"template":"","format":"standard","meta":{"_monsterinsights_skip_tracking":false,"_monsterinsights_sitenote_active":false,"_monsterinsights_sitenote_note":"","_monsterinsights_sitenote_category":0,"footnotes":""},"categories":[9,21,14,24,2,11,8,19],"tags":[],"class_list":["post-130","post","type-post","status-publish","format-standard","has-post-thumbnail","hentry","category-alpinisme","category-broad-peak-16","category-concordia","category-edu-sallent","category-oscar-cadiach","category-pakistan","category-patxi-goni","category-skardu"],"_links":{"self":[{"href":"https:\/\/www.tarragonaradio.cat\/elpontdemahoma\/wp-json\/wp\/v2\/posts\/130","targetHints":{"allow":["GET"]}}],"collection":[{"href":"https:\/\/www.tarragonaradio.cat\/elpontdemahoma\/wp-json\/wp\/v2\/posts"}],"about":[{"href":"https:\/\/www.tarragonaradio.cat\/elpontdemahoma\/wp-json\/wp\/v2\/types\/post"}],"author":[{"embeddable":true,"href":"https:\/\/www.tarragonaradio.cat\/elpontdemahoma\/wp-json\/wp\/v2\/users\/1"}],"replies":[{"embeddable":true,"href":"https:\/\/www.tarragonaradio.cat\/elpontdemahoma\/wp-json\/wp\/v2\/comments?post=130"}],"version-history":[{"count":4,"href":"https:\/\/www.tarragonaradio.cat\/elpontdemahoma\/wp-json\/wp\/v2\/posts\/130\/revisions"}],"predecessor-version":[{"id":141,"href":"https:\/\/www.tarragonaradio.cat\/elpontdemahoma\/wp-json\/wp\/v2\/posts\/130\/revisions\/141"}],"wp:featuredmedia":[{"embeddable":true,"href":"https:\/\/www.tarragonaradio.cat\/elpontdemahoma\/wp-json\/wp\/v2\/media\/132"}],"wp:attachment":[{"href":"https:\/\/www.tarragonaradio.cat\/elpontdemahoma\/wp-json\/wp\/v2\/media?parent=130"}],"wp:term":[{"taxonomy":"category","embeddable":true,"href":"https:\/\/www.tarragonaradio.cat\/elpontdemahoma\/wp-json\/wp\/v2\/categories?post=130"},{"taxonomy":"post_tag","embeddable":true,"href":"https:\/\/www.tarragonaradio.cat\/elpontdemahoma\/wp-json\/wp\/v2\/tags?post=130"}],"curies":[{"name":"wp","href":"https:\/\/api.w.org\/{rel}","templated":true}]}}