{"id":1392,"date":"2020-10-22T16:53:01","date_gmt":"2020-10-22T16:53:01","guid":{"rendered":"https:\/\/www.tarragonaradio.cat\/elpontdemahoma\/?p=1392"},"modified":"2020-10-22T16:53:01","modified_gmt":"2020-10-22T16:53:01","slug":"el-pont-de-mahoma-156-novato-i-edu-marin-comenten-arco-iris-amb-armand-ballart","status":"publish","type":"post","link":"https:\/\/www.tarragonaradio.cat\/elpontdemahoma\/2020\/10\/22\/el-pont-de-mahoma-156-novato-i-edu-marin-comenten-arco-iris-amb-armand-ballart\/","title":{"rendered":"El pont de Mahoma 156: &#8216;Novato&#8217; i Edu Mar\u00edn comenten &#8216;Arco Iris&#8217; amb Armand Ballart"},"content":{"rendered":"\n<p>Avui hem parlat d&#8217;una gesta brutal en escalada artificial. La que han fet Edu Mar\u00edn i l&#8217;ajuda del seu pare &#8216;Novato&#8217;, amb la primera ascensi\u00f3 en lliure a la via\u00a0<strong>Arco Iris,<\/strong>\u00a0que han proposat com a 8c+.<br>Amb els seus 200 metres, \u00e9s la via m\u00e9s llarga i dura de\u00a0<strong>Montserrat<\/strong>, tamb\u00e9 de les m\u00e9s dif\u00edcils del continent.\u00a0Ruta oberta el 1979 en estil artificial per\u00a0<strong>Armand Ballart<\/strong>\u00a0i\u00a0<strong>German Folch<\/strong>, a la paret dels Diables. Els hem juntat a tots tres al programa, i han comentat la via.\u00a0\u00a0<\/p>\n\n\n\n<figure class=\"wp-block-image size-large\"><img loading=\"lazy\" decoding=\"async\" width=\"575\" height=\"768\" src=\"https:\/\/www.tarragonaradio.cat\/elpontdemahoma\/wp-content\/uploads\/2020\/10\/156-1.jpeg\" alt=\"\" class=\"wp-image-1393\" srcset=\"https:\/\/www.tarragonaradio.cat\/elpontdemahoma\/wp-content\/uploads\/2020\/10\/156-1.jpeg 575w, https:\/\/www.tarragonaradio.cat\/elpontdemahoma\/wp-content\/uploads\/2020\/10\/156-1-225x300.jpeg 225w\" sizes=\"auto, (max-width: 575px) 100vw, 575px\" \/><figcaption><em><strong>Foto: Esteban Lahoz <\/strong><\/em><\/figcaption><\/figure>\n\n\n\n<figure><iframe allowfullscreen=\"true\" class=\"\" src=\"https:\/\/platform.twitter.com\/embed\/index.html?creatorScreenName=tarragonaradio&amp;dnt=false&amp;embedId=twitter-widget-0&amp;frame=false&amp;hideCard=false&amp;hideThread=false&amp;id=1318442418170187776&amp;lang=es&amp;origin=https%3A%2F%2Fwww.tarragonaradio.cat%2Fcontingut%2Fel_pont_de_mahoma_156_novato_i_edu_marin_comenten_arco_iris_amb_armand_ballart_%2F21816&amp;siteScreenName=tarragonaradio&amp;theme=light&amp;widgetsVersion=ed20a2b%3A1601588405575&amp;width=550px\"><\/iframe><\/figure>\n\n\n\n<p>Aquesta setmana (ahir) s&#8217;han complert 65 anys el\u00a0<strong>Parc Nacional d\u2019Aig\u00fcestortes i Estany de Sant<\/strong>\u00a0<strong>Maurici<\/strong>. Va n\u00e9ixer el 21 d\u2019octubre de 1955.\u00a0Aprofitant aquest efem\u00e8ride, us volem recordar un dia m\u00e9s la import\u00e0ncia de la preservaci\u00f3 de l\u2019entorn i el respecte cap a les muntanyes. N&#8217;hem parlat amb\u00a0<strong>Pep Gelabert,<\/strong>\u00a0m\u00e9s de la meitat d\u2019aquests 65 anys (35) com\u00a0 a Agent Rural al parc Nacional.<\/p>\n\n\n\n<figure class=\"wp-block-image size-large\"><img loading=\"lazy\" decoding=\"async\" width=\"1024\" height=\"768\" src=\"https:\/\/www.tarragonaradio.cat\/elpontdemahoma\/wp-content\/uploads\/2020\/10\/aiguestortes-2-1024x768.jpg\" alt=\"\" class=\"wp-image-1394\" srcset=\"https:\/\/www.tarragonaradio.cat\/elpontdemahoma\/wp-content\/uploads\/2020\/10\/aiguestortes-2-1024x768.jpg 1024w, https:\/\/www.tarragonaradio.cat\/elpontdemahoma\/wp-content\/uploads\/2020\/10\/aiguestortes-2-300x225.jpg 300w, https:\/\/www.tarragonaradio.cat\/elpontdemahoma\/wp-content\/uploads\/2020\/10\/aiguestortes-2-768x576.jpg 768w, https:\/\/www.tarragonaradio.cat\/elpontdemahoma\/wp-content\/uploads\/2020\/10\/aiguestortes-2.jpg 1099w\" sizes=\"auto, (max-width: 1024px) 100vw, 1024px\" \/><\/figure>\n\n\n\n<p>El nostre company\u00a0<strong>Ricard Fern\u00e1ndez<\/strong>, ens ha llegit un fragment d&#8217;un llibre cl\u00e0ssic de muntanya.\u00a0<\/p>\n\n\n\n<p>Hem fet el programa des d&#8217;un lloc emblem\u00e0tic i simb\u00f2lic. A les portes de la\u00a0<strong>Quinta de Sant Rafael,<\/strong>\u00a0a Tarragona, edifici modernista que havia estat dels germans Puig i Valls. Un dels germans, Rafael, enginyer forestal, gran defensor del medi natural i ide\u00f2leg de la Festa de l\u2019arbre. N&#8217;hem parlat amb Jordi Mena i Josep Su\u00f1\u00e9.\u00a0<\/p>\n\n\n\n<figure class=\"wp-block-image size-large\"><img loading=\"lazy\" decoding=\"async\" width=\"1024\" height=\"766\" src=\"https:\/\/www.tarragonaradio.cat\/elpontdemahoma\/wp-content\/uploads\/2020\/10\/1603379773252-1024x766.jpg\" alt=\"\" class=\"wp-image-1395\" srcset=\"https:\/\/www.tarragonaradio.cat\/elpontdemahoma\/wp-content\/uploads\/2020\/10\/1603379773252-1024x766.jpg 1024w, https:\/\/www.tarragonaradio.cat\/elpontdemahoma\/wp-content\/uploads\/2020\/10\/1603379773252-300x225.jpg 300w, https:\/\/www.tarragonaradio.cat\/elpontdemahoma\/wp-content\/uploads\/2020\/10\/1603379773252-768x575.jpg 768w, https:\/\/www.tarragonaradio.cat\/elpontdemahoma\/wp-content\/uploads\/2020\/10\/1603379773252-1536x1150.jpg 1536w, https:\/\/www.tarragonaradio.cat\/elpontdemahoma\/wp-content\/uploads\/2020\/10\/1603379773252-2048x1533.jpg 2048w\" sizes=\"auto, (max-width: 1024px) 100vw, 1024px\" \/><figcaption>Ricard Fern\u00e1ndes, Jordi Mena i Josep Su\u00f1\u00e9, a les portes de  la Quinta de Sant Rafael (Tarragona)<\/figcaption><\/figure>\n\n\n\n<p><br><a href=\"https:\/\/www.tarragonaradio.cat\/contingut\/el_pont_de_mahoma_156_novato_i_edu_marin_comenten_arco_iris_amb_armand_ballart_\/21816\">Benvinguts al Pont de Mahoma 156.<\/a><\/p>\n<a class=\"synved-social-button synved-social-button-share synved-social-size-48 synved-social-resolution-single synved-social-provider-facebook nolightbox\" data-provider=\"facebook\" target=\"_blank\" rel=\"nofollow\" title=\"Compartir a Facebook\" href=\"https:\/\/www.facebook.com\/sharer.php?u=https%3A%2F%2Fwww.tarragonaradio.cat%2Felpontdemahoma%2Fwp-json%2Fwp%2Fv2%2Fposts%2F1392&#038;t=El%20pont%20de%20Mahoma%20156%3A%20%E2%80%98Novato%E2%80%99%20i%20Edu%20Mar%C3%ADn%20comenten%20%E2%80%98Arco%20Iris%E2%80%99%20amb%20Armand%20Ballart&#038;s=100&#038;p&#091;url&#093;=https%3A%2F%2Fwww.tarragonaradio.cat%2Felpontdemahoma%2Fwp-json%2Fwp%2Fv2%2Fposts%2F1392&#038;p&#091;images&#093;&#091;0&#093;=https%3A%2F%2Fwww.tarragonaradio.cat%2Felpontdemahoma%2Fwp-content%2Fuploads%2F2020%2F10%2F156-1.jpeg&#038;p&#091;title&#093;=El%20pont%20de%20Mahoma%20156%3A%20%E2%80%98Novato%E2%80%99%20i%20Edu%20Mar%C3%ADn%20comenten%20%E2%80%98Arco%20Iris%E2%80%99%20amb%20Armand%20Ballart\" style=\"font-size: 0px;width:48px;height:48px;margin:0;margin-bottom:5px;margin-right:5px\"><img loading=\"lazy\" decoding=\"async\" alt=\"Facebook\" title=\"Compartir a Facebook\" class=\"synved-share-image synved-social-image synved-social-image-share\" width=\"48\" height=\"48\" style=\"display: inline;width:48px;height:48px;margin: 0;padding: 0;border: none;box-shadow: none\" src=\"https:\/\/www.tarragonaradio.cat\/elpontdemahoma\/wp-content\/plugins\/social-media-feather\/synved-social\/image\/social\/regular\/96x96\/facebook.png\" \/><\/a><a class=\"synved-social-button synved-social-button-share synved-social-size-48 synved-social-resolution-single synved-social-provider-twitter nolightbox\" data-provider=\"twitter\" target=\"_blank\" rel=\"nofollow\" title=\"Compartir a Twitter\" href=\"https:\/\/twitter.com\/intent\/tweet?url=https%3A%2F%2Fwww.tarragonaradio.cat%2Felpontdemahoma%2Fwp-json%2Fwp%2Fv2%2Fposts%2F1392&#038;text=Hey%20check%20this%20out\" style=\"font-size: 0px;width:48px;height:48px;margin:0;margin-bottom:5px\"><img loading=\"lazy\" decoding=\"async\" alt=\"twitter\" title=\"Compartir a Twitter\" class=\"synved-share-image synved-social-image synved-social-image-share\" width=\"48\" height=\"48\" style=\"display: inline;width:48px;height:48px;margin: 0;padding: 0;border: none;box-shadow: none\" src=\"https:\/\/www.tarragonaradio.cat\/elpontdemahoma\/wp-content\/plugins\/social-media-feather\/synved-social\/image\/social\/regular\/96x96\/twitter.png\" \/><\/a>","protected":false},"excerpt":{"rendered":"<p>Avui hem parlat d&#8217;una gesta brutal en escalada artificial. La que han fet Edu Mar\u00edn i l&#8217;ajuda del seu pare &#8216;Novato&#8217;, amb la primera ascensi\u00f3 en lliure a la via\u00a0Arco Iris,\u00a0que han proposat com a 8c+.Amb els seus 200 metres, \u00e9s la via m\u00e9s llarga i dura de\u00a0Montserrat, tamb\u00e9 de les m\u00e9s dif\u00edcils del continent.\u00a0Ruta &hellip; <a href=\"https:\/\/www.tarragonaradio.cat\/elpontdemahoma\/2020\/10\/22\/el-pont-de-mahoma-156-novato-i-edu-marin-comenten-arco-iris-amb-armand-ballart\/\" class=\"more-link\">Continua la lectura de <span class=\"screen-reader-text\">El pont de Mahoma 156: &#8216;Novato&#8217; i Edu Mar\u00edn comenten &#8216;Arco Iris&#8217; amb Armand Ballart<\/span> <span class=\"meta-nav\">&rarr;<\/span><\/a><\/p>\n","protected":false},"author":1,"featured_media":1393,"comment_status":"closed","ping_status":"closed","sticky":true,"template":"","format":"standard","meta":{"_monsterinsights_skip_tracking":false,"_monsterinsights_sitenote_active":false,"_monsterinsights_sitenote_note":"","_monsterinsights_sitenote_category":0,"footnotes":""},"categories":[58,84,50,48,85,86],"tags":[],"class_list":["post-1392","post","type-post","status-publish","format-standard","has-post-thumbnail","hentry","category-armand-ballart","category-edu-marin","category-escalada","category-montserrat","category-parc-nacional-daiguestortes-i-estany-de-sant-maurici","category-pep-gelabert"],"_links":{"self":[{"href":"https:\/\/www.tarragonaradio.cat\/elpontdemahoma\/wp-json\/wp\/v2\/posts\/1392","targetHints":{"allow":["GET"]}}],"collection":[{"href":"https:\/\/www.tarragonaradio.cat\/elpontdemahoma\/wp-json\/wp\/v2\/posts"}],"about":[{"href":"https:\/\/www.tarragonaradio.cat\/elpontdemahoma\/wp-json\/wp\/v2\/types\/post"}],"author":[{"embeddable":true,"href":"https:\/\/www.tarragonaradio.cat\/elpontdemahoma\/wp-json\/wp\/v2\/users\/1"}],"replies":[{"embeddable":true,"href":"https:\/\/www.tarragonaradio.cat\/elpontdemahoma\/wp-json\/wp\/v2\/comments?post=1392"}],"version-history":[{"count":1,"href":"https:\/\/www.tarragonaradio.cat\/elpontdemahoma\/wp-json\/wp\/v2\/posts\/1392\/revisions"}],"predecessor-version":[{"id":1396,"href":"https:\/\/www.tarragonaradio.cat\/elpontdemahoma\/wp-json\/wp\/v2\/posts\/1392\/revisions\/1396"}],"wp:featuredmedia":[{"embeddable":true,"href":"https:\/\/www.tarragonaradio.cat\/elpontdemahoma\/wp-json\/wp\/v2\/media\/1393"}],"wp:attachment":[{"href":"https:\/\/www.tarragonaradio.cat\/elpontdemahoma\/wp-json\/wp\/v2\/media?parent=1392"}],"wp:term":[{"taxonomy":"category","embeddable":true,"href":"https:\/\/www.tarragonaradio.cat\/elpontdemahoma\/wp-json\/wp\/v2\/categories?post=1392"},{"taxonomy":"post_tag","embeddable":true,"href":"https:\/\/www.tarragonaradio.cat\/elpontdemahoma\/wp-json\/wp\/v2\/tags?post=1392"}],"curies":[{"name":"wp","href":"https:\/\/api.w.org\/{rel}","templated":true}]}}