{"id":26,"date":"2015-07-08T20:07:00","date_gmt":"2015-07-08T20:07:00","guid":{"rendered":"http:\/\/www.tarragonaradio.cat\/elpontdemahoma\/2015\/07\/08\/aclimatant-se-al-c2-del-broad-seguint-la-petja-del-gran-hermann-buhl\/"},"modified":"2015-07-08T20:07:00","modified_gmt":"2015-07-08T20:07:00","slug":"aclimatant-se-al-c2-del-broad-seguint-la-petja-del-gran-hermann-buhl","status":"publish","type":"post","link":"https:\/\/www.tarragonaradio.cat\/elpontdemahoma\/2015\/07\/08\/aclimatant-se-al-c2-del-broad-seguint-la-petja-del-gran-hermann-buhl\/","title":{"rendered":"Aclimatant-se al C2 del Broad, seguint la petja del gran Hermann Buhl"},"content":{"rendered":"<div><span style=\"color: #00b0f0; font-family: &quot;Verdana&quot;,&quot;sans-serif&quot;; font-size: 14.0pt; mso-bidi-font-family: Arial;\">Els alpinistes \u00d2scar Cadiach i Patxi Go\u00f1i han arribat als 6.500 metres del Broad Peak, al Camp 2. Hi han fet nit, despr\u00e9s de passar per Camp 1 (5.600m).&nbsp;<\/span><span style=\"color: #00b0f0; font-family: Verdana, sans-serif; font-size: 18.6666660308838px;\">Ara s\u00f3n altra cop al base, d\u2019on van sortir diumenge acompanyats per la metgessa, Anna Pujol, seguint les fases d\u2019aclimataci\u00f3<\/span><br \/><span style=\"color: #00b0f0; font-family: &quot;Verdana&quot;,&quot;sans-serif&quot;; font-size: 14.0pt; mso-bidi-font-family: Arial;\"><br \/><\/span><\/p>\n<table align=\"center\" cellpadding=\"0\" cellspacing=\"0\" style=\"margin-left: auto; margin-right: auto; text-align: center;\">\n<tbody>\n<tr>\n<td style=\"text-align: center;\"><a href=\"http:\/\/3.bp.blogspot.com\/-PIf1Ig5us0I\/VZ2Dbzj-nJI\/AAAAAAAABEs\/E-NqalrPYUQ\/s1600\/broad%2B-%2B1449.jpg\" style=\"margin-left: auto; margin-right: auto;\"><img loading=\"lazy\" decoding=\"async\" border=\"0\" height=\"240\" src=\"http:\/\/3.bp.blogspot.com\/-PIf1Ig5us0I\/VZ2Dbzj-nJI\/AAAAAAAABEs\/E-NqalrPYUQ\/s320\/broad%2B-%2B1449.jpg\" width=\"320\" \/><\/a><\/td>\n<\/tr>\n<tr>\n<td style=\"text-align: center;\">Foto: Ricard Fern\u00e1ndez C1 Broad<\/td>\n<\/tr>\n<\/tbody>\n<\/table>\n<\/div>\n<div><span style=\"font-family: &quot;Verdana&quot;,&quot;sans-serif&quot;; font-size: 14.0pt; mso-bidi-font-family: Arial;\">Tal i com havien anunciat abans de marxar cap al Pakistan, el trajecte entre el camp base i el C1, l\u2019han fet per una zona diferent a la convencional. <o:p><\/o:p><\/span><\/div>\n<div><span style=\"font-family: &quot;Verdana&quot;,&quot;sans-serif&quot;; font-size: 14.0pt; mso-bidi-font-family: Arial;\">\u00c9s la ruta per la qual van ascendir en la primera mundial del Broad l\u2019any 1957 Hermann Buhl i Kurt Diemberger. <o:p><\/o:p><\/span><\/div>\n<div><span style=\"font-family: &quot;Verdana&quot;,&quot;sans-serif&quot;; font-size: 14.0pt; mso-bidi-font-family: Arial;\">\u00c9s la ruta original (Wintersteller, Schmuck, Buhl, i Diemberger, 1957) que passa m\u00e9s a la dreta, unint-se a la que utilitzen la major part de les expedicions, la \u2018Knez Route\u2019, a la altura del Camp 1. <o:p><\/o:p><\/span><\/div>\n<div><span style=\"font-family: &quot;Verdana&quot;,&quot;sans-serif&quot;; font-size: 14.0pt; mso-bidi-font-family: Arial;\">L\u2019expedici\u00f3 austr\u00edaca va obrir aquesta via ara fa 58 anys, amb els que han estat alguns dels millors alpinistes de tots els temps. Ara l\u2019han trepitjat catalans i bascos. <o:p><\/o:p><\/span><\/div>\n<div><\/div>\n<div><span style=\"font-family: &quot;Verdana&quot;,&quot;sans-serif&quot;; font-size: 14.0pt; mso-bidi-font-family: Arial;\">Les promeses, s\u2019acompleixen! Ens van dir per activa i per passiva que provarien aquesta ruta diferent, i ho han fet!<o:p><\/o:p><\/span><\/div>\n<div><span style=\"font-family: &quot;Verdana&quot;,&quot;sans-serif&quot;; font-size: 14.0pt; mso-bidi-font-family: Arial;\">Tal i com relata Patxi Go\u00f1i al seu bloc, \u2018el paisatge \u00e9s preci\u00f3s, neu, gel, sol .. vam passar nit a C2. Hem arribat a 6.500 metres. El fred \u00e9s bestial, i no anem prou equipats. Satisfets tornem al camp base\u2019. <o:p><\/o:p><\/span><\/div>\n<div><span style=\"font-family: &quot;Verdana&quot;,&quot;sans-serif&quot;; font-size: 14.0pt; mso-bidi-font-family: Arial;\">El navarr\u00e8s afegeix que l&#8217;ambient al grup \u2018\u00e9s immillorable, tots ens trobem plens d&#8217;energia i el temps ens acompanya\u2019.<o:p><\/o:p><\/span><\/div>\n<div><\/div>\n<div><span style=\"font-family: &quot;Verdana&quot;,&quot;sans-serif&quot;; font-size: 14.0pt; mso-bidi-font-family: Arial;\">Tamb\u00e9 han trepitjat els 6.300 m de C2, el turc, Tunc Findik, i Julian Beermann, que lidera el grup dels \u2018alemanys\u2019. &nbsp;<o:p><\/o:p><\/span><\/div>\n<div><\/div>\n<p><\/p>\n<div><span style=\"font-family: &quot;Verdana&quot;,&quot;sans-serif&quot;; font-size: 14.0pt; mso-bidi-font-family: Arial;\">La resta d\u2019expedicions al Broad Peak, com la de Juanito Oiarzabal i Alberto Zerain, als que s\u2019hi ha afegit Iv\u00e1n Vallejo, segueixen aclimatant i empenyent cap a munt a la muntanya. Com tamb\u00e9 ho est\u00e0 fent, ja cap a C3, el nordameric\u00e0, Nick Cienski.&nbsp;<o:p><\/o:p><\/span><\/div>\n<a class=\"synved-social-button synved-social-button-share synved-social-size-48 synved-social-resolution-single synved-social-provider-facebook nolightbox\" data-provider=\"facebook\" target=\"_blank\" rel=\"nofollow\" title=\"Compartir a Facebook\" href=\"https:\/\/www.facebook.com\/sharer.php?u=https%3A%2F%2Fwww.tarragonaradio.cat%2Felpontdemahoma%2Fwp-json%2Fwp%2Fv2%2Fposts%2F26&#038;t=Aclimatant-se%20al%20C2%20del%20Broad%2C%20seguint%20la%20petja%20del%20gran%20Hermann%20Buhl&#038;s=100&#038;p&#091;url&#093;=https%3A%2F%2Fwww.tarragonaradio.cat%2Felpontdemahoma%2Fwp-json%2Fwp%2Fv2%2Fposts%2F26&#038;p&#091;images&#093;&#091;0&#093;=http%3A%2F%2F3.bp.blogspot.com%2F-PIf1Ig5us0I%2FVZ2Dbzj-nJI%2FAAAAAAAABEs%2FE-NqalrPYUQ%2Fs320%2Fbroad%252B-%252B1449.jpg&#038;p&#091;title&#093;=Aclimatant-se%20al%20C2%20del%20Broad%2C%20seguint%20la%20petja%20del%20gran%20Hermann%20Buhl\" style=\"font-size: 0px;width:48px;height:48px;margin:0;margin-bottom:5px;margin-right:5px\"><img loading=\"lazy\" decoding=\"async\" alt=\"Facebook\" title=\"Compartir a Facebook\" class=\"synved-share-image synved-social-image synved-social-image-share\" width=\"48\" height=\"48\" style=\"display: inline;width:48px;height:48px;margin: 0;padding: 0;border: none;box-shadow: none\" src=\"https:\/\/www.tarragonaradio.cat\/elpontdemahoma\/wp-content\/plugins\/social-media-feather\/synved-social\/image\/social\/regular\/96x96\/facebook.png\" \/><\/a><a class=\"synved-social-button synved-social-button-share synved-social-size-48 synved-social-resolution-single synved-social-provider-twitter nolightbox\" data-provider=\"twitter\" target=\"_blank\" rel=\"nofollow\" title=\"Compartir a Twitter\" href=\"https:\/\/twitter.com\/intent\/tweet?url=https%3A%2F%2Fwww.tarragonaradio.cat%2Felpontdemahoma%2Fwp-json%2Fwp%2Fv2%2Fposts%2F26&#038;text=Hey%20check%20this%20out\" style=\"font-size: 0px;width:48px;height:48px;margin:0;margin-bottom:5px\"><img loading=\"lazy\" decoding=\"async\" alt=\"twitter\" title=\"Compartir a Twitter\" class=\"synved-share-image synved-social-image synved-social-image-share\" width=\"48\" height=\"48\" style=\"display: inline;width:48px;height:48px;margin: 0;padding: 0;border: none;box-shadow: none\" src=\"https:\/\/www.tarragonaradio.cat\/elpontdemahoma\/wp-content\/plugins\/social-media-feather\/synved-social\/image\/social\/regular\/96x96\/twitter.png\" \/><\/a>","protected":false},"excerpt":{"rendered":"<p>Els alpinistes \u00d2scar Cadiach i Patxi Go\u00f1i han arribat als 6.500 metres del Broad Peak, al Camp 2. Hi han fet nit, despr\u00e9s de passar per Camp 1 (5.600m).&nbsp;Ara s\u00f3n altra cop al base, d\u2019on van sortir diumenge acompanyats per la metgessa, Anna Pujol, seguint les fases d\u2019aclimataci\u00f3 Foto: Ricard Fern\u00e1ndez C1 Broad Tal i &hellip; <a href=\"https:\/\/www.tarragonaradio.cat\/elpontdemahoma\/2015\/07\/08\/aclimatant-se-al-c2-del-broad-seguint-la-petja-del-gran-hermann-buhl\/\" class=\"more-link\">Continua la lectura de <span class=\"screen-reader-text\">Aclimatant-se al C2 del Broad, seguint la petja del gran Hermann Buhl<\/span> <span class=\"meta-nav\">&rarr;<\/span><\/a><\/p>\n","protected":false},"author":1,"featured_media":0,"comment_status":"open","ping_status":"closed","sticky":false,"template":"","format":"standard","meta":{"_monsterinsights_skip_tracking":false,"_monsterinsights_sitenote_active":false,"_monsterinsights_sitenote_note":"","_monsterinsights_sitenote_category":0,"footnotes":""},"categories":[4,13,6,17,2,11],"tags":[],"class_list":["post-26","post","type-post","status-publish","format-standard","hentry","category-14-x-8000","category-baltoro","category-broad-peak-15","category-camp-base","category-oscar-cadiach","category-pakistan"],"_links":{"self":[{"href":"https:\/\/www.tarragonaradio.cat\/elpontdemahoma\/wp-json\/wp\/v2\/posts\/26","targetHints":{"allow":["GET"]}}],"collection":[{"href":"https:\/\/www.tarragonaradio.cat\/elpontdemahoma\/wp-json\/wp\/v2\/posts"}],"about":[{"href":"https:\/\/www.tarragonaradio.cat\/elpontdemahoma\/wp-json\/wp\/v2\/types\/post"}],"author":[{"embeddable":true,"href":"https:\/\/www.tarragonaradio.cat\/elpontdemahoma\/wp-json\/wp\/v2\/users\/1"}],"replies":[{"embeddable":true,"href":"https:\/\/www.tarragonaradio.cat\/elpontdemahoma\/wp-json\/wp\/v2\/comments?post=26"}],"version-history":[{"count":0,"href":"https:\/\/www.tarragonaradio.cat\/elpontdemahoma\/wp-json\/wp\/v2\/posts\/26\/revisions"}],"wp:attachment":[{"href":"https:\/\/www.tarragonaradio.cat\/elpontdemahoma\/wp-json\/wp\/v2\/media?parent=26"}],"wp:term":[{"taxonomy":"category","embeddable":true,"href":"https:\/\/www.tarragonaradio.cat\/elpontdemahoma\/wp-json\/wp\/v2\/categories?post=26"},{"taxonomy":"post_tag","embeddable":true,"href":"https:\/\/www.tarragonaradio.cat\/elpontdemahoma\/wp-json\/wp\/v2\/tags?post=26"}],"curies":[{"name":"wp","href":"https:\/\/api.w.org\/{rel}","templated":true}]}}