{"id":337,"date":"2016-07-19T19:48:01","date_gmt":"2016-07-19T19:48:01","guid":{"rendered":"http:\/\/www.tarragonaradio.cat\/elpontdemahoma\/?p=337"},"modified":"2020-07-04T09:45:22","modified_gmt":"2020-07-04T09:45:22","slug":"posposen-un-dia-la-sortida-del-camp-base-del-broad-peak","status":"publish","type":"post","link":"https:\/\/www.tarragonaradio.cat\/elpontdemahoma\/2016\/07\/19\/posposen-un-dia-la-sortida-del-camp-base-del-broad-peak\/","title":{"rendered":"Posposen un dia la sortida del camp base del Broad Peak"},"content":{"rendered":"<p style=\"text-align: justify;\">\u00d2scar Cadiach i la resta d\u2019alpinistes posposen un dia la sortida del camp base. Enlloc de dimecres, pujaran cap als camps d\u2019altura del Broad Peak la matinada de dijous, el que tamb\u00e9 podria alterar la data prevista per l\u2019atac al cim.<\/p>\n<p style=\"text-align: justify;\"><img loading=\"lazy\" decoding=\"async\" class=\"aligncenter wp-image-267 size-full\" src=\"http:\/\/www.tarragonaradio.cat\/elpontdemahoma\/wp-content\/uploads\/2016\/07\/Broad-gatta.jpg\" alt=\"Broad (gatta)\" width=\"640\" height=\"444\" srcset=\"https:\/\/www.tarragonaradio.cat\/elpontdemahoma\/wp-content\/uploads\/2016\/07\/Broad-gatta.jpg 640w, https:\/\/www.tarragonaradio.cat\/elpontdemahoma\/wp-content\/uploads\/2016\/07\/Broad-gatta-300x208.jpg 300w\" sizes=\"auto, (max-width: 640px) 100vw, 640px\" \/><\/p>\n<p style=\"text-align: justify;\">L\u2019atac al cim ja est\u00e0 coordinat i acordat entre les poques expedicions que segueixen al camp base del Broad, esperant l\u2019entrada de la finestra de bon temps.\u00a0Una finestra que es preveu que sigui \u00e0mplia -fins dimarts 26 de juliol- el que ha propiciat la decisi\u00f3 d\u2019ajornar 24 hores la sortida cap als camps d\u2019altura.<\/p>\n<p style=\"text-align: justify;\">Aix\u00ed, despr\u00e9s de 6 dies d\u2019espera i neu al camp base, la sortida ser\u00e0 a les dues de la matinada d\u2019aquest dijous, 21 de juliol. <span style=\"color: #ff0000;\">(En concret, sortiran la nit de dimecres a dijous).\u00a0<\/span>La intenci\u00f3 del grup \u00e9s enlla\u00e7ar directament des del campament base (4.900 m) fins al camp 2 (6.200 m) saltant-se el camp 1 (5.600 m).<\/p>\n<p style=\"text-align: justify;\"><img loading=\"lazy\" decoding=\"async\" class=\"aligncenter wp-image-323 size-large\" src=\"http:\/\/www.tarragonaradio.cat\/elpontdemahoma\/wp-content\/uploads\/2016\/07\/IMG_2985-1024x768.jpg\" alt=\"IMG_2985\" width=\"474\" height=\"356\" srcset=\"https:\/\/www.tarragonaradio.cat\/elpontdemahoma\/wp-content\/uploads\/2016\/07\/IMG_2985-1024x768.jpg 1024w, https:\/\/www.tarragonaradio.cat\/elpontdemahoma\/wp-content\/uploads\/2016\/07\/IMG_2985-300x225.jpg 300w, https:\/\/www.tarragonaradio.cat\/elpontdemahoma\/wp-content\/uploads\/2016\/07\/IMG_2985-768x576.jpg 768w\" sizes=\"auto, (max-width: 474px) 100vw, 474px\" \/><\/p>\n<p style=\"text-align: justify;\">Veurem si aquesta demora afecta la previsi\u00f3 de fer l\u2019atac al cim. Cadiach ja va dir en la darrera connexi\u00f3 al <a href=\"http:\/\/www.tarragonaradio.cat\/elpontdemahoma\/2016\/07\/18\/oscar-cadiach-i-la-resta-de-lequip-iniciaran-dimecres-lascens-al-broad-peak\/\">programa El Pont de Mahoma<\/a> que el\u00a0diumenge eras el dia de reserva, i que l\u2019atac seria dissabte. Tot plegat, quedar\u00e0 clar un cop iniciat l&#8217;ascens i, sobretot, dia abans si han pogut instal\u00b7lar el camp 4 entre 7.500 i 7.700 m.<\/p>\n<p style=\"text-align: justify;\"><img loading=\"lazy\" decoding=\"async\" class=\"aligncenter wp-image-145 size-large\" src=\"http:\/\/www.tarragonaradio.cat\/elpontdemahoma\/wp-content\/uploads\/2016\/06\/IMG_3106-1024x768.jpg\" alt=\"IMG_3106\" width=\"474\" height=\"356\" srcset=\"https:\/\/www.tarragonaradio.cat\/elpontdemahoma\/wp-content\/uploads\/2016\/06\/IMG_3106-1024x768.jpg 1024w, https:\/\/www.tarragonaradio.cat\/elpontdemahoma\/wp-content\/uploads\/2016\/06\/IMG_3106-300x225.jpg 300w, https:\/\/www.tarragonaradio.cat\/elpontdemahoma\/wp-content\/uploads\/2016\/06\/IMG_3106-768x576.jpg 768w\" sizes=\"auto, (max-width: 474px) 100vw, 474px\" \/><\/p>\n<p style=\"text-align: justify;\">La intenci\u00f3 es sortir des d\u2019aquest coll cap al \u2018sumit rock\u2019 a uns 7.800 i encarar l\u2019aresta somital que els portar\u00e0 pr\u00e0cticament fins al cim -recordem que s\u00f3n necess\u00e0ries una mica m\u00e9s de dues hores per fer el recorregut.<\/p>\n<p style=\"text-align: justify;\">Les nevades dels darrers dies han deixat gruix a la part alta de la muntanya, el que implicar\u00e0 tamb\u00e9 un sobreesfor\u00e7 i m\u00e9s temps a l\u2019hora d\u2019obrir tra\u00e7a.<\/p>\n<p style=\"text-align: justify;\"><img loading=\"lazy\" decoding=\"async\" class=\"aligncenter wp-image-74 size-large\" src=\"http:\/\/www.tarragonaradio.cat\/elpontdemahoma\/wp-content\/uploads\/2015\/08\/IMG_3107-1024x768.jpg\" alt=\"IMG_3107\" width=\"474\" height=\"356\" srcset=\"https:\/\/www.tarragonaradio.cat\/elpontdemahoma\/wp-content\/uploads\/2015\/08\/IMG_3107-1024x768.jpg 1024w, https:\/\/www.tarragonaradio.cat\/elpontdemahoma\/wp-content\/uploads\/2015\/08\/IMG_3107-300x225.jpg 300w, https:\/\/www.tarragonaradio.cat\/elpontdemahoma\/wp-content\/uploads\/2015\/08\/IMG_3107-768x576.jpg 768w\" sizes=\"auto, (max-width: 474px) 100vw, 474px\" \/><\/p>\n<p style=\"text-align: justify;\">El ritme de l\u2019ascens tamb\u00e9 el pot condicionar el fet de que es tracta d\u2019un grup gran, d\u2019unes 18 persones.<\/p>\n<p style=\"text-align: justify;\">A banda d\u2019\u00d2scar Cadiach formen part de l&#8217;equip el malagueny Lolo Gonz\u00e1lez, del \u2018Club Alpino Ama Dablam\u2019; el donostiarra I\u00f1igo Casti\u00f1eyra; l\u2019asturiana Rosa Fern\u00e1ndez i Javier Campos; els dos alpinistes de \u2018Summint Climb\u2019 que van amb Cadiach, l\u2019island\u00e8s \u00c1sgeir J\u00f3nsson i l\u2019australi\u00e0 Gilian Lee.<\/p>\n<p style=\"text-align: justify;\">El grup s\u2019ha coordinat per l\u2019ascens amb l\u2019expedici\u00f3 \u2018dels americans\u2019 que s\u00f3n altres sis alpinistes que van amb el guia argent\u00ed Tom\u00e1s Ceppi i l\u2019americ\u00e0 Ryan Waters.\u00a0A banda dels portejadors d\u2019altura, un m\u00ednim de tres nom\u00e9s amb el primer grup.<\/p>\n<p style=\"text-align: justify;\">Sortiran despr\u00e9s d\u2019acomiadar l\u2019alpinista de Barakaldo Jonatan Garc\u00eda, que ser\u00e0 evacuat amb tota probabilitat aquest dimecres des del camp base fins a Skardu.\u00a0En una comunicaci\u00f3 amb el &#8216;Club Alpino Ama Dablam&#8217;, Lolo Gonz\u00e1lez ha dit que el company es troba b\u00e9, fent rep\u00f2s i prenent-se la medicaci\u00f3 que li han recomanat els metges via telef\u00f2nica, per una trombosis a la cama dreta.<\/p>\n<p style=\"text-align: justify;\">Tot el grup, malgrat l\u2019espera, est\u00e0 molt animat i amb forces per aconseguir l\u2019objectiu, els 8.047 m del Broad Peak. Aquest dimecres (20 de juliol) far\u00e0 21 dies que van trepitjar al camp base del Broad; on van estar les primeres dues setmanes aclimatant, arribant a fer una punta fins els 7.000 metres.<\/p>\n<p style=\"text-align: justify;\">P.D: Tarragona R\u00e0dio far\u00e0 un especial el dia d&#8217;ataca a cim del programa d\u2019alpinisme, <a href=\"http:\/\/www.tarragonaradio.cat\/contingut_programa\/el_pont_de_mahoma_ascensio_al_gran_tuc_de_colomers_\/1\/837\/11431\">El Pont de Mahoma<\/a>. Tindrem una trucada en directe de Cadiach quan coroni el seu 14\u00e8 vuitmil i entrevistes amb els principals alpinistes del pa\u00eds.<\/p>\n<p>&nbsp;<\/p>\n<a class=\"synved-social-button synved-social-button-share synved-social-size-48 synved-social-resolution-single synved-social-provider-facebook nolightbox\" data-provider=\"facebook\" target=\"_blank\" rel=\"nofollow\" title=\"Compartir a Facebook\" href=\"https:\/\/www.facebook.com\/sharer.php?u=https%3A%2F%2Fwww.tarragonaradio.cat%2Felpontdemahoma%2Fwp-json%2Fwp%2Fv2%2Fposts%2F337&#038;t=Posposen%20un%20dia%20la%20sortida%20del%20camp%20base%20del%20Broad%20Peak&#038;s=100&#038;p&#091;url&#093;=https%3A%2F%2Fwww.tarragonaradio.cat%2Felpontdemahoma%2Fwp-json%2Fwp%2Fv2%2Fposts%2F337&#038;p&#091;images&#093;&#091;0&#093;=https%3A%2F%2Fwww.tarragonaradio.cat%2Felpontdemahoma%2Fwp-content%2Fuploads%2F2016%2F07%2FIMG_3103.jpg&#038;p&#091;title&#093;=Posposen%20un%20dia%20la%20sortida%20del%20camp%20base%20del%20Broad%20Peak\" style=\"font-size: 0px;width:48px;height:48px;margin:0;margin-bottom:5px;margin-right:5px\"><img loading=\"lazy\" decoding=\"async\" alt=\"Facebook\" title=\"Compartir a Facebook\" class=\"synved-share-image synved-social-image synved-social-image-share\" width=\"48\" height=\"48\" style=\"display: inline;width:48px;height:48px;margin: 0;padding: 0;border: none;box-shadow: none\" src=\"https:\/\/www.tarragonaradio.cat\/elpontdemahoma\/wp-content\/plugins\/social-media-feather\/synved-social\/image\/social\/regular\/96x96\/facebook.png\" \/><\/a><a class=\"synved-social-button synved-social-button-share synved-social-size-48 synved-social-resolution-single synved-social-provider-twitter nolightbox\" data-provider=\"twitter\" target=\"_blank\" rel=\"nofollow\" title=\"Compartir a Twitter\" href=\"https:\/\/twitter.com\/intent\/tweet?url=https%3A%2F%2Fwww.tarragonaradio.cat%2Felpontdemahoma%2Fwp-json%2Fwp%2Fv2%2Fposts%2F337&#038;text=Hey%20check%20this%20out\" style=\"font-size: 0px;width:48px;height:48px;margin:0;margin-bottom:5px\"><img loading=\"lazy\" decoding=\"async\" alt=\"twitter\" title=\"Compartir a Twitter\" class=\"synved-share-image synved-social-image synved-social-image-share\" width=\"48\" height=\"48\" style=\"display: inline;width:48px;height:48px;margin: 0;padding: 0;border: none;box-shadow: none\" src=\"https:\/\/www.tarragonaradio.cat\/elpontdemahoma\/wp-content\/plugins\/social-media-feather\/synved-social\/image\/social\/regular\/96x96\/twitter.png\" \/><\/a>","protected":false},"excerpt":{"rendered":"<p>\u00d2scar Cadiach i la resta d\u2019alpinistes posposen un dia la sortida del camp base. Enlloc de dimecres, pujaran cap als camps d\u2019altura del Broad Peak la matinada de dijous, el que tamb\u00e9 podria alterar la data prevista per l\u2019atac al cim. L\u2019atac al cim ja est\u00e0 coordinat i acordat entre les poques expedicions que segueixen &hellip; <a href=\"https:\/\/www.tarragonaradio.cat\/elpontdemahoma\/2016\/07\/19\/posposen-un-dia-la-sortida-del-camp-base-del-broad-peak\/\" class=\"more-link\">Continua la lectura de <span class=\"screen-reader-text\">Posposen un dia la sortida del camp base del Broad Peak<\/span> <span class=\"meta-nav\">&rarr;<\/span><\/a><\/p>\n","protected":false},"author":1,"featured_media":277,"comment_status":"open","ping_status":"closed","sticky":false,"template":"","format":"standard","meta":{"_monsterinsights_skip_tracking":false,"_monsterinsights_sitenote_active":false,"_monsterinsights_sitenote_note":"","_monsterinsights_sitenote_category":0,"footnotes":""},"categories":[4,9,27,21,16,25,17,31,33,32,34,2,11,26,29,30],"tags":[],"class_list":["post-337","post","type-post","status-publish","format-standard","has-post-thumbnail","hentry","category-14-x-8000","category-alpinisme","category-asgeir-jonsson","category-broad-peak-16","category-camp-3","category-camp-4","category-camp-base","category-gilian-lee","category-inigo-castineyra","category-javier-campos","category-lolo-gonzalez","category-oscar-cadiach","category-pakistan","category-rosa-fernandez","category-ryan-waters","category-tomas-ceppi"],"_links":{"self":[{"href":"https:\/\/www.tarragonaradio.cat\/elpontdemahoma\/wp-json\/wp\/v2\/posts\/337","targetHints":{"allow":["GET"]}}],"collection":[{"href":"https:\/\/www.tarragonaradio.cat\/elpontdemahoma\/wp-json\/wp\/v2\/posts"}],"about":[{"href":"https:\/\/www.tarragonaradio.cat\/elpontdemahoma\/wp-json\/wp\/v2\/types\/post"}],"author":[{"embeddable":true,"href":"https:\/\/www.tarragonaradio.cat\/elpontdemahoma\/wp-json\/wp\/v2\/users\/1"}],"replies":[{"embeddable":true,"href":"https:\/\/www.tarragonaradio.cat\/elpontdemahoma\/wp-json\/wp\/v2\/comments?post=337"}],"version-history":[{"count":8,"href":"https:\/\/www.tarragonaradio.cat\/elpontdemahoma\/wp-json\/wp\/v2\/posts\/337\/revisions"}],"predecessor-version":[{"id":345,"href":"https:\/\/www.tarragonaradio.cat\/elpontdemahoma\/wp-json\/wp\/v2\/posts\/337\/revisions\/345"}],"wp:featuredmedia":[{"embeddable":true,"href":"https:\/\/www.tarragonaradio.cat\/elpontdemahoma\/wp-json\/wp\/v2\/media\/277"}],"wp:attachment":[{"href":"https:\/\/www.tarragonaradio.cat\/elpontdemahoma\/wp-json\/wp\/v2\/media?parent=337"}],"wp:term":[{"taxonomy":"category","embeddable":true,"href":"https:\/\/www.tarragonaradio.cat\/elpontdemahoma\/wp-json\/wp\/v2\/categories?post=337"},{"taxonomy":"post_tag","embeddable":true,"href":"https:\/\/www.tarragonaradio.cat\/elpontdemahoma\/wp-json\/wp\/v2\/tags?post=337"}],"curies":[{"name":"wp","href":"https:\/\/api.w.org\/{rel}","templated":true}]}}