{"id":710,"date":"2017-07-09T12:28:01","date_gmt":"2017-07-09T12:28:01","guid":{"rendered":"http:\/\/www.tarragonaradio.cat\/elpontdemahoma\/?p=710"},"modified":"2017-11-16T16:01:14","modified_gmt":"2017-11-16T16:01:14","slug":"oscar-cadiach-pujara-en-les-properes-hores-cap-al-coll-del-broad-peak","status":"publish","type":"post","link":"https:\/\/www.tarragonaradio.cat\/elpontdemahoma\/2017\/07\/09\/oscar-cadiach-pujara-en-les-properes-hores-cap-al-coll-del-broad-peak\/","title":{"rendered":"\u00d2scar Cadiach pujar\u00e0 en les properes hores cap al coll del Broad Peak"},"content":{"rendered":"<p style=\"text-align: justify;\">\u00d2scar Cadiach pujar\u00e0 en les properes hores cap al coll del Broad Peak, a 7.900 m. La intenci\u00f3 de l\u2019alpinista \u00e9s comprovar com est\u00e0 la neu en aquesta zona alta de la muntanya i, si ho veu factible, seguir fins el cim, a 8.047 metres.<\/p>\n<p><img loading=\"lazy\" decoding=\"async\" class=\"alignnone size-medium wp-image-380 aligncenter\" src=\"http:\/\/www.tarragonaradio.cat\/elpontdemahoma\/wp-content\/uploads\/2016\/07\/IMG_3107-300x225.jpg\" alt=\"IMG_3107\" width=\"300\" height=\"225\" srcset=\"https:\/\/www.tarragonaradio.cat\/elpontdemahoma\/wp-content\/uploads\/2016\/07\/IMG_3107-300x225.jpg 300w, https:\/\/www.tarragonaradio.cat\/elpontdemahoma\/wp-content\/uploads\/2016\/07\/IMG_3107-768x576.jpg 768w, https:\/\/www.tarragonaradio.cat\/elpontdemahoma\/wp-content\/uploads\/2016\/07\/IMG_3107-1024x768.jpg 1024w\" sizes=\"auto, (max-width: 300px) 100vw, 300px\" \/><\/p>\n<p>El tarragon\u00ed vol completar els seus 14 vuitmils principals, convertint-se aix\u00ed en el primer catal\u00e0 que ho assoleix sense utilitzar oxigen artificial. Recordem que Ferran Latorre va ser el passat mes de maig el primer en acabar els 14, per\u00f2 va haver de tirar d\u2019oxigen addicional per completar el darrer de la llista, l\u2019Everest.<\/p>\n<p style=\"text-align: justify;\">El mateix Latorre -tal i com ho va fer Cadiach quan aquest estava en l\u2019intent del sostre del m\u00f3n- l\u2019ha encoratjat a aconseguir-ho a trav\u00e9s d\u2019una piulada a les xarxes: \u2018Molta sort @OscarCadiach! Aquest cop s\u00e9 que posar\u00e0s els peus a sobre d&#8217;aquesta preciosa muntanya! La fotografia \u00e9s del 2007, any del meu cim\u2019. Ha estat un nou gest d\u2019esportivitat que els honora als dos.<\/p>\n<figure id=\"attachment_711\" aria-describedby=\"caption-attachment-711\" style=\"width: 239px\" class=\"wp-caption aligncenter\"><img loading=\"lazy\" decoding=\"async\" class=\"size-medium wp-image-711\" src=\"http:\/\/www.tarragonaradio.cat\/elpontdemahoma\/wp-content\/uploads\/2017\/07\/FullSizeRender-239x300.jpg\" alt=\"Piulada de Ferran Latorre\" width=\"239\" height=\"300\" srcset=\"https:\/\/www.tarragonaradio.cat\/elpontdemahoma\/wp-content\/uploads\/2017\/07\/FullSizeRender-239x300.jpg 239w, https:\/\/www.tarragonaradio.cat\/elpontdemahoma\/wp-content\/uploads\/2017\/07\/FullSizeRender.jpg 639w\" sizes=\"auto, (max-width: 239px) 100vw, 239px\" \/><figcaption id=\"caption-attachment-711\" class=\"wp-caption-text\">Piulada de Ferran Latorre<\/figcaption><\/figure>\n<p style=\"text-align: justify;\">En una trucada a l\u2019equip del Pont de Mahoma aquest diumenge al migdia (hora nostra) l\u2019alpinista tarragon\u00ed ha assegurat que despr\u00e9s d\u2019un necessari descans, intentaran progressar fins el coll.\u00a0Una part de la cordada; el turc Tunc Findik i els austr\u00edacs, Michael Hrobath i Heinz H\u00f6dl han baixat al camp base.<\/p>\n<p style=\"text-align: justify;\">Als 7.200 metres del camp III, queden Cadiach, Mohammed Ali \u2018Sadpara\u2019 i el su\u00eds, Toni Spirig. \u00a0Altres expedicions internacionals que comparteixen objectius al Broad, estan progressant pels diferents camps d\u2019altura i es podrien afegir en el progr\u00e9s fins els 7.900, on caldr\u00e0 fer la sempre feixuga feina d\u2019obrir tra\u00e7a fins el coll.<\/p>\n<p style=\"text-align: justify;\">Cadiach coincideix al C3 (7.200 m) -i esperem que tamb\u00e9 al cim del Broad Peak<span class=\"_5afx\">&#8211;<\/span>\u00a0amb Laura Gonz\u00e1lez del Castillo Aranda, la primera llatinoamericana en pujar a l&#8217;Everest., que fa cordada amb Yuri Contreras<\/p>\n<p><img loading=\"lazy\" decoding=\"async\" class=\"alignnone size-medium wp-image-64 aligncenter\" src=\"http:\/\/www.tarragonaradio.cat\/elpontdemahoma\/wp-content\/uploads\/2015\/08\/IMG_3077-1-300x225.jpg\" alt=\"IMG_3077\" width=\"300\" height=\"225\" srcset=\"https:\/\/www.tarragonaradio.cat\/elpontdemahoma\/wp-content\/uploads\/2015\/08\/IMG_3077-1-300x225.jpg 300w, https:\/\/www.tarragonaradio.cat\/elpontdemahoma\/wp-content\/uploads\/2015\/08\/IMG_3077-1-768x576.jpg 768w, https:\/\/www.tarragonaradio.cat\/elpontdemahoma\/wp-content\/uploads\/2015\/08\/IMG_3077-1-1024x768.jpg 1024w, https:\/\/www.tarragonaradio.cat\/elpontdemahoma\/wp-content\/uploads\/2015\/08\/IMG_3077-1.jpg 1600w\" sizes=\"auto, (max-width: 300px) 100vw, 300px\" \/><\/p>\n<p style=\"text-align: justify;\">Ha estat un cap de setmana llarg, amb una falsa finestra de bon temps que es va convertir en un canvi sobtat de les condicions meteorol\u00f2giques, amb vent i una forta nevada, que els va alentir el pas i minvar les forces. La finestra de bon temps anunciada, sense neu i amb poc vent, es va girar, tal i com ens va relatar el mateix Cadiach en la comunicaci\u00f3 amb el Pont de Mahoma, amb un metre de neu nova durant la nit i fort vent.<\/p>\n<p style=\"text-align: justify;\">L\u2019equip de Cadiach ha arribat aquest dissabte al camp III (7.200 m) enlla\u00e7ant 12 hores directes des del camp II (a 6.300 m). La nit anterior deixaven enrere els 4.900 metres del camp base despr\u00e9s d\u2019uns dies de mal temps. La neu ha estat una constant, tot i que per dem\u00e0 dilluns s\u2019obre una treva a la muntanya, segons les previsions.<\/p>\n<p style=\"text-align: justify;\">L&#8217;excessiva neu per sobre de C3 ja va frustrar l&#8217;intent d\u2019una primera expedici\u00f3 internacional que es trobava divendres a la muntanya. \u00a0El grup s\u2019estava al Broad aclimatant pel seu veritable objectiu, el ve\u00ed K2, i en les \u00faltimes hores han descendit als camps inferiors per anar fins al base.<\/p>\n<p style=\"text-align: justify;\">Malgrat tot, la muntanya est\u00e0 equipada amb cordes fixes fins a sota mateix del coll, una de les parts m\u00e9s compromeses.<\/p>\n<p style=\"text-align: justify;\">Esperem una trucada de Cadiach quan arribin al coll, que ens confirmar\u00e0 si continuen fins al cim o, pel contrari, tornen a la seguretat del camp III. El que han descartat, pels que ens ha dit, \u00e9s instal\u00b7lar un camp III avan\u00e7at a 7.500 metres.\u00a0Haurem d\u2019esperar, doncs, fins a la una de la matinada (les 3h al Pakistan) per saber si l\u2019equip fa un primer atac a la muntanya.<\/p>\n<p><strong>Si decideixen seguir fins el cim&#8230;<\/strong><\/p>\n<p>El programa d\u2019alpinisme de Tarragona R\u00e0dio, el Pont de Mahoma, t\u00e9 tota la maquin\u00e0ria a punt per fer un especial, dilluns, si a la una de la matinada es confirma l\u2019atac.<\/p>\n<p><img loading=\"lazy\" decoding=\"async\" class=\"alignnone size-medium wp-image-67 aligncenter\" src=\"http:\/\/www.tarragonaradio.cat\/elpontdemahoma\/wp-content\/uploads\/2016\/05\/pont-de-mahoma.jpg-300x172.png\" alt=\"pont de mahoma.jpg\" width=\"300\" height=\"172\" srcset=\"https:\/\/www.tarragonaradio.cat\/elpontdemahoma\/wp-content\/uploads\/2016\/05\/pont-de-mahoma.jpg-300x172.png 300w, https:\/\/www.tarragonaradio.cat\/elpontdemahoma\/wp-content\/uploads\/2016\/05\/pont-de-mahoma.jpg.png 381w\" sizes=\"auto, (max-width: 300px) 100vw, 300px\" \/><\/p>\n<p style=\"text-align: justify;\">Esperarem la trucada de Cadiach des del cim, i anirem conversant amb molts convidats, entre els quals la plana major de l\u2019alpinisme catal\u00e0 i basc. Amb noms com el basc, Juanito Oiarzabal; Jordi Pons -primer vuitmil estatal i catal\u00e0 amb Emili Civis i Josep Manel Anglada a l\u2019Annapurna Est, el 1974; Jordi Magri\u00f1\u00e0, que va acompanyar Cadiach en el seu primer vuitmil, el Nanga Parbat, per la paret del Rupal, el 1984; Conrad Blanch, cap de l\u2019expedici\u00f3 a l\u2019Everest de 1985, en la que Cadiach es va convertir en el primer catal\u00e0 en coronar el sostre del m\u00f3n i primer occidental en pujar a l&#8217;Everest sense oxigen i pel vessant nord. I molts altres. el podreu seguir al 96.7FM i, a tot el m\u00f3n, \u00a0a<a href=\"http:\/\/www.tarragonaradio.cat\/\"> www.tarragonaradio.cat<\/a> i a les APP&#8217;s.<\/p>\n<p>&nbsp;<\/p>\n<a class=\"synved-social-button synved-social-button-share synved-social-size-48 synved-social-resolution-single synved-social-provider-facebook nolightbox\" data-provider=\"facebook\" target=\"_blank\" rel=\"nofollow\" title=\"Compartir a Facebook\" href=\"https:\/\/www.facebook.com\/sharer.php?u=https%3A%2F%2Fwww.tarragonaradio.cat%2Felpontdemahoma%2Fwp-json%2Fwp%2Fv2%2Fposts%2F710&#038;t=%C3%92scar%20Cadiach%20pujar%C3%A0%20en%20les%20properes%20hores%20cap%20al%20coll%20del%20Broad%20Peak&#038;s=100&#038;p&#091;url&#093;=https%3A%2F%2Fwww.tarragonaradio.cat%2Felpontdemahoma%2Fwp-json%2Fwp%2Fv2%2Fposts%2F710&#038;p&#091;images&#093;&#091;0&#093;=https%3A%2F%2Fwww.tarragonaradio.cat%2Felpontdemahoma%2Fwp-content%2Fuploads%2F2016%2F07%2FIMG_3107.jpg&#038;p&#091;title&#093;=%C3%92scar%20Cadiach%20pujar%C3%A0%20en%20les%20properes%20hores%20cap%20al%20coll%20del%20Broad%20Peak\" style=\"font-size: 0px;width:48px;height:48px;margin:0;margin-bottom:5px;margin-right:5px\"><img loading=\"lazy\" decoding=\"async\" alt=\"Facebook\" title=\"Compartir a Facebook\" class=\"synved-share-image synved-social-image synved-social-image-share\" width=\"48\" height=\"48\" style=\"display: inline;width:48px;height:48px;margin: 0;padding: 0;border: none;box-shadow: none\" src=\"https:\/\/www.tarragonaradio.cat\/elpontdemahoma\/wp-content\/plugins\/social-media-feather\/synved-social\/image\/social\/regular\/96x96\/facebook.png\" \/><\/a><a class=\"synved-social-button synved-social-button-share synved-social-size-48 synved-social-resolution-single synved-social-provider-twitter nolightbox\" data-provider=\"twitter\" target=\"_blank\" rel=\"nofollow\" title=\"Compartir a Twitter\" href=\"https:\/\/twitter.com\/intent\/tweet?url=https%3A%2F%2Fwww.tarragonaradio.cat%2Felpontdemahoma%2Fwp-json%2Fwp%2Fv2%2Fposts%2F710&#038;text=Hey%20check%20this%20out\" style=\"font-size: 0px;width:48px;height:48px;margin:0;margin-bottom:5px\"><img loading=\"lazy\" decoding=\"async\" alt=\"twitter\" title=\"Compartir a Twitter\" class=\"synved-share-image synved-social-image synved-social-image-share\" width=\"48\" height=\"48\" style=\"display: inline;width:48px;height:48px;margin: 0;padding: 0;border: none;box-shadow: none\" src=\"https:\/\/www.tarragonaradio.cat\/elpontdemahoma\/wp-content\/plugins\/social-media-feather\/synved-social\/image\/social\/regular\/96x96\/twitter.png\" \/><\/a>","protected":false},"excerpt":{"rendered":"<p>\u00d2scar Cadiach pujar\u00e0 en les properes hores cap al coll del Broad Peak, a 7.900 m. La intenci\u00f3 de l\u2019alpinista \u00e9s comprovar com est\u00e0 la neu en aquesta zona alta de la muntanya i, si ho veu factible, seguir fins el cim, a 8.047 metres. El tarragon\u00ed vol completar els seus 14 vuitmils principals, convertint-se &hellip; <a href=\"https:\/\/www.tarragonaradio.cat\/elpontdemahoma\/2017\/07\/09\/oscar-cadiach-pujara-en-les-properes-hores-cap-al-coll-del-broad-peak\/\" class=\"more-link\">Continua la lectura de <span class=\"screen-reader-text\">\u00d2scar Cadiach pujar\u00e0 en les properes hores cap al coll del Broad Peak<\/span> <span class=\"meta-nav\">&rarr;<\/span><\/a><\/p>\n","protected":false},"author":1,"featured_media":380,"comment_status":"open","ping_status":"closed","sticky":false,"template":"","format":"standard","meta":{"_monsterinsights_skip_tracking":false,"_monsterinsights_sitenote_active":false,"_monsterinsights_sitenote_note":"","_monsterinsights_sitenote_category":0,"footnotes":""},"categories":[4,36,41],"tags":[],"class_list":["post-710","post","type-post","status-publish","format-standard","has-post-thumbnail","hentry","category-14-x-8000","category-ali-sadpara","category-broadpeak17"],"_links":{"self":[{"href":"https:\/\/www.tarragonaradio.cat\/elpontdemahoma\/wp-json\/wp\/v2\/posts\/710","targetHints":{"allow":["GET"]}}],"collection":[{"href":"https:\/\/www.tarragonaradio.cat\/elpontdemahoma\/wp-json\/wp\/v2\/posts"}],"about":[{"href":"https:\/\/www.tarragonaradio.cat\/elpontdemahoma\/wp-json\/wp\/v2\/types\/post"}],"author":[{"embeddable":true,"href":"https:\/\/www.tarragonaradio.cat\/elpontdemahoma\/wp-json\/wp\/v2\/users\/1"}],"replies":[{"embeddable":true,"href":"https:\/\/www.tarragonaradio.cat\/elpontdemahoma\/wp-json\/wp\/v2\/comments?post=710"}],"version-history":[{"count":4,"href":"https:\/\/www.tarragonaradio.cat\/elpontdemahoma\/wp-json\/wp\/v2\/posts\/710\/revisions"}],"predecessor-version":[{"id":715,"href":"https:\/\/www.tarragonaradio.cat\/elpontdemahoma\/wp-json\/wp\/v2\/posts\/710\/revisions\/715"}],"wp:featuredmedia":[{"embeddable":true,"href":"https:\/\/www.tarragonaradio.cat\/elpontdemahoma\/wp-json\/wp\/v2\/media\/380"}],"wp:attachment":[{"href":"https:\/\/www.tarragonaradio.cat\/elpontdemahoma\/wp-json\/wp\/v2\/media?parent=710"}],"wp:term":[{"taxonomy":"category","embeddable":true,"href":"https:\/\/www.tarragonaradio.cat\/elpontdemahoma\/wp-json\/wp\/v2\/categories?post=710"},{"taxonomy":"post_tag","embeddable":true,"href":"https:\/\/www.tarragonaradio.cat\/elpontdemahoma\/wp-json\/wp\/v2\/tags?post=710"}],"curies":[{"name":"wp","href":"https:\/\/api.w.org\/{rel}","templated":true}]}}