{"id":762,"date":"2017-07-24T18:15:04","date_gmt":"2017-07-24T18:15:04","guid":{"rendered":"http:\/\/www.tarragonaradio.cat\/elpontdemahoma\/?p=762"},"modified":"2017-11-16T16:00:54","modified_gmt":"2017-11-16T16:00:54","slug":"cadiach-sortira-aquesta-nit-cap-al-camp-2-del-broad","status":"publish","type":"post","link":"https:\/\/www.tarragonaradio.cat\/elpontdemahoma\/2017\/07\/24\/cadiach-sortira-aquesta-nit-cap-al-camp-2-del-broad\/","title":{"rendered":"Cadiach sortir\u00e0 aquesta nit cap al camp 3 del Broad"},"content":{"rendered":"<p style=\"text-align: justify;\"><span lang=\"ca-ES\">\u00d2scar Cadiach\u00a0<\/span><span lang=\"ca-ES\">podria fer dimecres<\/span><span lang=\"ca-ES\">\u00a0un nou intent al Broad Peak.\u00a0<\/span><span lang=\"ca-ES\">L\u2019alpinista tarragon\u00ed ha arribat aquest dilluns al camp 2 d\u2019<\/span><span lang=\"ca-ES\">aquesta<\/span><span lang=\"ca-ES\">\u00a0muntanya del Pakistan, a 6.200 metres.<\/span><\/p>\n<p><img loading=\"lazy\" decoding=\"async\" class=\"alignnone size-medium wp-image-405 aligncenter\" src=\"http:\/\/www.tarragonaradio.cat\/elpontdemahoma\/wp-content\/uploads\/2016\/07\/schema02_cesta-300x300.png\" alt=\"schema02_cesta\" width=\"300\" height=\"300\" srcset=\"https:\/\/www.tarragonaradio.cat\/elpontdemahoma\/wp-content\/uploads\/2016\/07\/schema02_cesta-300x300.png 300w, https:\/\/www.tarragonaradio.cat\/elpontdemahoma\/wp-content\/uploads\/2016\/07\/schema02_cesta-150x150.png 150w, https:\/\/www.tarragonaradio.cat\/elpontdemahoma\/wp-content\/uploads\/2016\/07\/schema02_cesta.png 640w\" sizes=\"auto, (max-width: 300px) 100vw, 300px\" \/><\/p>\n<p style=\"text-align: justify;\"><span lang=\"ca-ES\">En una trucada al Pont de Mahoma, ha dit que estan molt animats i que esperen\u00a0<\/span><span lang=\"ca-ES\">una<\/span><span lang=\"ca-ES\">\u00a0nova previsi\u00f3 meteorol\u00f2gica, -que per dem\u00e0 dimarts\u00a0<\/span><span lang=\"ca-ES\">en principi<\/span><span lang=\"ca-ES\">\u00a0\u00e9s favorable-\u00a0<\/span><span lang=\"ca-ES\">per seguir aquesta nit fins els 7.200 metres del camp 3.<\/span><\/p>\n<!--[if lt IE 9]><script>document.createElement('audio');<\/script><![endif]-->\n<audio class=\"wp-audio-shortcode\" id=\"audio-762-1\" preload=\"none\" style=\"width: 100%;\" controls=\"controls\"><source type=\"audio\/mpeg\" src=\"http:\/\/www.tarragonaradio.cat\/elpontdemahoma\/wp-content\/uploads\/2017\/07\/CADIACH-DILLUNS-24-07-17-.mp3?_=1\" \/><a href=\"http:\/\/www.tarragonaradio.cat\/elpontdemahoma\/wp-content\/uploads\/2017\/07\/CADIACH-DILLUNS-24-07-17-.mp3\">http:\/\/www.tarragonaradio.cat\/elpontdemahoma\/wp-content\/uploads\/2017\/07\/CADIACH-DILLUNS-24-07-17-.mp3<\/a><\/audio>\n<p style=\"text-align: justify;\"><span lang=\"ca-ES\">Ja de cara a<\/span><span lang=\"ca-ES\">\u00a0dimecres,\u00a0<\/span><span lang=\"ca-ES\">si tot va b\u00e9 i no hi ha fortes ratxes de vent,\u00a0<\/span><span lang=\"ca-ES\">podrien intentar el cim del Broad, de 8.047 metres.<\/span><\/p>\n<p style=\"text-align: justify;\"><span lang=\"ca-ES\">Aquesta passada nit\u00a0de dilluns, l\u2019alpinista tarragon\u00ed ha sortit dels 4.900 metres del camp base.\u00a0<\/span><span lang=\"ca-ES\">En 9 hores s\u2019han situat al camp 2. Diu que han pujat molt b\u00e9, tot i que ha patit una relliscada en sortir del base, i s\u2019ha colpejat un colze <\/span><span lang=\"ca-ES\">Aix\u00f2, per\u00f2, no li ha impedit tirar cap amunt.\u00a0<\/span><\/p>\n<p><img loading=\"lazy\" decoding=\"async\" class=\"alignnone size-medium wp-image-323 aligncenter\" src=\"http:\/\/www.tarragonaradio.cat\/elpontdemahoma\/wp-content\/uploads\/2016\/07\/IMG_2985-300x225.jpg\" alt=\"IMG_2985\" width=\"300\" height=\"225\" srcset=\"https:\/\/www.tarragonaradio.cat\/elpontdemahoma\/wp-content\/uploads\/2016\/07\/IMG_2985-300x225.jpg 300w, https:\/\/www.tarragonaradio.cat\/elpontdemahoma\/wp-content\/uploads\/2016\/07\/IMG_2985-768x576.jpg 768w, https:\/\/www.tarragonaradio.cat\/elpontdemahoma\/wp-content\/uploads\/2016\/07\/IMG_2985-1024x768.jpg 1024w\" sizes=\"auto, (max-width: 300px) 100vw, 300px\" \/><\/p>\n<p style=\"text-align: justify;\">Cadiach fa cordada amb Mohammed Ali \u2018Sadpara\u2019, el turc Tunc Findik i Yosuf, un portejador balt\u00ed d\u2019al\u00e7ada. Al grup s\u2019hi han sumat dues expedicions d\u2019americans i xinesos.<\/p>\n<audio class=\"wp-audio-shortcode\" id=\"audio-762-2\" preload=\"none\" style=\"width: 100%;\" controls=\"controls\"><source type=\"audio\/mpeg\" src=\"http:\/\/www.tarragonaradio.cat\/elpontdemahoma\/wp-content\/uploads\/2017\/07\/CADIACH-DILLUNS-EQUIP-24-07-17.mp3?_=2\" \/><a href=\"http:\/\/www.tarragonaradio.cat\/elpontdemahoma\/wp-content\/uploads\/2017\/07\/CADIACH-DILLUNS-EQUIP-24-07-17.mp3\">http:\/\/www.tarragonaradio.cat\/elpontdemahoma\/wp-content\/uploads\/2017\/07\/CADIACH-DILLUNS-EQUIP-24-07-17.mp3<\/a><\/audio>\n<p style=\"text-align: justify;\"><span lang=\"ca-ES\">L\u2019alpinista intentar<\/span><span lang=\"ca-ES\">\u00e0<\/span><span lang=\"ca-ES\">\u00a0l\u2019assalt als 8.047 metres del cim que el pot convertir en el primer catal\u00e0 en completar els 14 vuitmils principals de la terra sense utilitzar oxigen artificial.<\/span><\/p>\n<p><img loading=\"lazy\" decoding=\"async\" class=\"alignnone size-medium wp-image-309 aligncenter\" src=\"http:\/\/www.tarragonaradio.cat\/elpontdemahoma\/wp-content\/uploads\/2016\/07\/IMG_3093-300x225.jpg\" alt=\"IMG_3093\" width=\"300\" height=\"225\" srcset=\"https:\/\/www.tarragonaradio.cat\/elpontdemahoma\/wp-content\/uploads\/2016\/07\/IMG_3093-300x225.jpg 300w, https:\/\/www.tarragonaradio.cat\/elpontdemahoma\/wp-content\/uploads\/2016\/07\/IMG_3093-768x576.jpg 768w, https:\/\/www.tarragonaradio.cat\/elpontdemahoma\/wp-content\/uploads\/2016\/07\/IMG_3093-1024x768.jpg 1024w\" sizes=\"auto, (max-width: 300px) 100vw, 300px\" \/><\/p>\n<p style=\"text-align: justify;\"><span lang=\"ca-ES\">L<\/span><span lang=\"ca-ES\">\u2019equip de Cadiach ja va arribar dissabte passat, 15 de juliol, al camp II, per<\/span><span lang=\"ca-ES\">\u00f2<\/span><span lang=\"ca-ES\">\u00a0van haver de retirar-se pel mal temps.\u00a0<\/span><span lang=\"ca-ES\">A<\/span><span lang=\"ca-ES\">quest dissabte ja s\u2019ha complert un mes exacte des de que van arribar al camp base\u00a0<\/span><span lang=\"ca-ES\">d\u2019aquesta muntanya del Karakorum.<\/span><\/p>\n<p><iframe loading=\"lazy\" style=\"border: none; overflow: hidden;\" src=\"https:\/\/www.facebook.com\/plugins\/video.php?href=https%3A%2F%2Fwww.facebook.com%2Felpontdemahoma%2Fvideos%2F668549583339442%2F&amp;width=500&amp;show_text=false&amp;height=280&amp;appId\" width=\"500\" height=\"280\" frameborder=\"0\" scrolling=\"no\"><\/iframe><\/p>\n<a class=\"synved-social-button synved-social-button-share synved-social-size-48 synved-social-resolution-single synved-social-provider-facebook nolightbox\" data-provider=\"facebook\" target=\"_blank\" rel=\"nofollow\" title=\"Compartir a Facebook\" href=\"https:\/\/www.facebook.com\/sharer.php?u=https%3A%2F%2Fwww.tarragonaradio.cat%2Felpontdemahoma%2Fwp-json%2Fwp%2Fv2%2Fposts%2F762&#038;t=Cadiach%20sortir%C3%A0%20aquesta%20nit%20cap%20al%20camp%203%20del%20Broad&#038;s=100&#038;p&#091;url&#093;=https%3A%2F%2Fwww.tarragonaradio.cat%2Felpontdemahoma%2Fwp-json%2Fwp%2Fv2%2Fposts%2F762&#038;p&#091;images&#093;&#091;0&#093;=https%3A%2F%2Fwww.tarragonaradio.cat%2Felpontdemahoma%2Fwp-content%2Fuploads%2F2016%2F07%2FIMG_3093.jpg&#038;p&#091;title&#093;=Cadiach%20sortir%C3%A0%20aquesta%20nit%20cap%20al%20camp%203%20del%20Broad\" style=\"font-size: 0px;width:48px;height:48px;margin:0;margin-bottom:5px;margin-right:5px\"><img loading=\"lazy\" decoding=\"async\" alt=\"Facebook\" title=\"Compartir a Facebook\" class=\"synved-share-image synved-social-image synved-social-image-share\" width=\"48\" height=\"48\" style=\"display: inline;width:48px;height:48px;margin: 0;padding: 0;border: none;box-shadow: none\" src=\"https:\/\/www.tarragonaradio.cat\/elpontdemahoma\/wp-content\/plugins\/social-media-feather\/synved-social\/image\/social\/regular\/96x96\/facebook.png\" \/><\/a><a class=\"synved-social-button synved-social-button-share synved-social-size-48 synved-social-resolution-single synved-social-provider-twitter nolightbox\" data-provider=\"twitter\" target=\"_blank\" rel=\"nofollow\" title=\"Compartir a Twitter\" href=\"https:\/\/twitter.com\/intent\/tweet?url=https%3A%2F%2Fwww.tarragonaradio.cat%2Felpontdemahoma%2Fwp-json%2Fwp%2Fv2%2Fposts%2F762&#038;text=Hey%20check%20this%20out\" style=\"font-size: 0px;width:48px;height:48px;margin:0;margin-bottom:5px\"><img loading=\"lazy\" decoding=\"async\" alt=\"twitter\" title=\"Compartir a Twitter\" class=\"synved-share-image synved-social-image synved-social-image-share\" width=\"48\" height=\"48\" style=\"display: inline;width:48px;height:48px;margin: 0;padding: 0;border: none;box-shadow: none\" src=\"https:\/\/www.tarragonaradio.cat\/elpontdemahoma\/wp-content\/plugins\/social-media-feather\/synved-social\/image\/social\/regular\/96x96\/twitter.png\" \/><\/a>","protected":false},"excerpt":{"rendered":"<p>\u00d2scar Cadiach\u00a0podria fer dimecres\u00a0un nou intent al Broad Peak.\u00a0L\u2019alpinista tarragon\u00ed ha arribat aquest dilluns al camp 2 d\u2019aquesta\u00a0muntanya del Pakistan, a 6.200 metres. En una trucada al Pont de Mahoma, ha dit que estan molt animats i que esperen\u00a0una\u00a0nova previsi\u00f3 meteorol\u00f2gica, -que per dem\u00e0 dimarts\u00a0en principi\u00a0\u00e9s favorable-\u00a0per seguir aquesta nit fins els 7.200 metres del &hellip; <a href=\"https:\/\/www.tarragonaradio.cat\/elpontdemahoma\/2017\/07\/24\/cadiach-sortira-aquesta-nit-cap-al-camp-2-del-broad\/\" class=\"more-link\">Continua la lectura de <span class=\"screen-reader-text\">Cadiach sortir\u00e0 aquesta nit cap al camp 3 del Broad<\/span> <span class=\"meta-nav\">&rarr;<\/span><\/a><\/p>\n","protected":false},"author":1,"featured_media":309,"comment_status":"open","ping_status":"closed","sticky":false,"template":"","format":"standard","meta":{"_monsterinsights_skip_tracking":false,"_monsterinsights_sitenote_active":false,"_monsterinsights_sitenote_note":"","_monsterinsights_sitenote_category":0,"footnotes":""},"categories":[4,36,41,2],"tags":[],"class_list":["post-762","post","type-post","status-publish","format-standard","has-post-thumbnail","hentry","category-14-x-8000","category-ali-sadpara","category-broadpeak17","category-oscar-cadiach"],"_links":{"self":[{"href":"https:\/\/www.tarragonaradio.cat\/elpontdemahoma\/wp-json\/wp\/v2\/posts\/762","targetHints":{"allow":["GET"]}}],"collection":[{"href":"https:\/\/www.tarragonaradio.cat\/elpontdemahoma\/wp-json\/wp\/v2\/posts"}],"about":[{"href":"https:\/\/www.tarragonaradio.cat\/elpontdemahoma\/wp-json\/wp\/v2\/types\/post"}],"author":[{"embeddable":true,"href":"https:\/\/www.tarragonaradio.cat\/elpontdemahoma\/wp-json\/wp\/v2\/users\/1"}],"replies":[{"embeddable":true,"href":"https:\/\/www.tarragonaradio.cat\/elpontdemahoma\/wp-json\/wp\/v2\/comments?post=762"}],"version-history":[{"count":3,"href":"https:\/\/www.tarragonaradio.cat\/elpontdemahoma\/wp-json\/wp\/v2\/posts\/762\/revisions"}],"predecessor-version":[{"id":767,"href":"https:\/\/www.tarragonaradio.cat\/elpontdemahoma\/wp-json\/wp\/v2\/posts\/762\/revisions\/767"}],"wp:featuredmedia":[{"embeddable":true,"href":"https:\/\/www.tarragonaradio.cat\/elpontdemahoma\/wp-json\/wp\/v2\/media\/309"}],"wp:attachment":[{"href":"https:\/\/www.tarragonaradio.cat\/elpontdemahoma\/wp-json\/wp\/v2\/media?parent=762"}],"wp:term":[{"taxonomy":"category","embeddable":true,"href":"https:\/\/www.tarragonaradio.cat\/elpontdemahoma\/wp-json\/wp\/v2\/categories?post=762"},{"taxonomy":"post_tag","embeddable":true,"href":"https:\/\/www.tarragonaradio.cat\/elpontdemahoma\/wp-json\/wp\/v2\/tags?post=762"}],"curies":[{"name":"wp","href":"https:\/\/api.w.org\/{rel}","templated":true}]}}