{"id":768,"date":"2017-07-25T11:47:50","date_gmt":"2017-07-25T11:47:50","guid":{"rendered":"http:\/\/www.tarragonaradio.cat\/elpontdemahoma\/?p=768"},"modified":"2020-07-04T09:43:05","modified_gmt":"2020-07-04T09:43:05","slug":"vents-de-50-kmh-i-una-persistent-nevada-mantenen-cadiach-al-camp-2-del-broad-a-lespera-dun-canvi","status":"publish","type":"post","link":"https:\/\/www.tarragonaradio.cat\/elpontdemahoma\/2017\/07\/25\/vents-de-50-kmh-i-una-persistent-nevada-mantenen-cadiach-al-camp-2-del-broad-a-lespera-dun-canvi\/","title":{"rendered":"Vents de 50 km\/h i una nevada mantenen Cadiach al camp 2 del Broad a l\u2019espera d\u2019un canvi"},"content":{"rendered":"<p lang=\"ca-ES\" style=\"text-align: justify;\"><span style=\"font-family: Arial, sans-serif;\"><span style=\"font-size: large;\">Una nevada persistent i vents de 50 km\/hora mantenen \u00d2scar Cadiach al camp 2 del Broad Peak, a l\u2019espera d\u2019un canvi del mons\u00f3 per a poder seguir cap al camp 3 de la muntanya.<\/span><\/span><\/p>\n<p lang=\"ca-ES\"><img loading=\"lazy\" decoding=\"async\" class=\"alignnone size-medium wp-image-747 aligncenter\" src=\"http:\/\/www.tarragonaradio.cat\/elpontdemahoma\/wp-content\/uploads\/2017\/07\/oscar-cadiach-broad-2-2016-462-300x200.jpg\" alt=\"oscar cadiach broad 2 2016 462\" width=\"300\" height=\"200\" srcset=\"https:\/\/www.tarragonaradio.cat\/elpontdemahoma\/wp-content\/uploads\/2017\/07\/oscar-cadiach-broad-2-2016-462-300x200.jpg 300w, https:\/\/www.tarragonaradio.cat\/elpontdemahoma\/wp-content\/uploads\/2017\/07\/oscar-cadiach-broad-2-2016-462-768x512.jpg 768w, https:\/\/www.tarragonaradio.cat\/elpontdemahoma\/wp-content\/uploads\/2017\/07\/oscar-cadiach-broad-2-2016-462-1024x683.jpg 1024w\" sizes=\"auto, (max-width: 300px) 100vw, 300px\" \/><\/p>\n<p lang=\"ca-ES\" style=\"text-align: justify;\"><span style=\"font-family: Arial, sans-serif;\"><span style=\"font-size: large;\">L\u2019alpinista tarragon\u00ed no ha pogut pujar fins als 7.200 metres del Broad la passada nit, degut a una nevada persistent, que els ha sorpr\u00e8s als 6.300 metres del segon camp d\u2019altura, on han fet nit.<\/span><\/span><\/p>\n<p lang=\"ca-ES\" style=\"text-align: justify;\"><span style=\"font-family: Arial, sans-serif;\"><span style=\"font-size: large;\">En una trucada al Pont de Mahoma, l\u2019alpinista ha dit que el mons\u00f3 els est\u00e0 fent la guitza, com en els \u00faltims anys, i les finestres de bon temps no s\u2019acaben de concretar a la pr\u00e0ctica, o duren pocs dies.<\/span><\/span><\/p>\n<!--[if lt IE 9]><script>document.createElement('audio');<\/script><![endif]-->\n<audio class=\"wp-audio-shortcode\" id=\"audio-768-1\" preload=\"none\" style=\"width: 100%;\" controls=\"controls\"><source type=\"audio\/mpeg\" src=\"http:\/\/www.tarragonaradio.cat\/elpontdemahoma\/wp-content\/uploads\/2017\/07\/CADIACH-NEVADA-25-07-17.mp3?_=1\" \/><a href=\"http:\/\/www.tarragonaradio.cat\/elpontdemahoma\/wp-content\/uploads\/2017\/07\/CADIACH-NEVADA-25-07-17.mp3\">http:\/\/www.tarragonaradio.cat\/elpontdemahoma\/wp-content\/uploads\/2017\/07\/CADIACH-NEVADA-25-07-17.mp3<\/a><\/audio>\n<p lang=\"ca-ES\" style=\"text-align: justify;\"><span style=\"font-family: Arial, sans-serif;\"><span style=\"font-size: large;\">Diu que malgrat tot estan animats per a poder seguir l\u2019ascens fins el proper camp d\u2019altura, al llarg de la propera nit de dimecres.<\/span><\/span><\/p>\n<p lang=\"ca-ES\"><img loading=\"lazy\" decoding=\"async\" class=\"alignnone size-medium wp-image-770 aligncenter\" src=\"http:\/\/www.tarragonaradio.cat\/elpontdemahoma\/wp-content\/uploads\/2017\/07\/oscar-cadiach-broad-2016-150-300x200.jpg\" alt=\"oscar cadiach broad 2016 150\" width=\"300\" height=\"200\" srcset=\"https:\/\/www.tarragonaradio.cat\/elpontdemahoma\/wp-content\/uploads\/2017\/07\/oscar-cadiach-broad-2016-150-300x200.jpg 300w, https:\/\/www.tarragonaradio.cat\/elpontdemahoma\/wp-content\/uploads\/2017\/07\/oscar-cadiach-broad-2016-150-768x512.jpg 768w, https:\/\/www.tarragonaradio.cat\/elpontdemahoma\/wp-content\/uploads\/2017\/07\/oscar-cadiach-broad-2016-150-1024x683.jpg 1024w\" sizes=\"auto, (max-width: 300px) 100vw, 300px\" \/><\/p>\n<p lang=\"ca-ES\" style=\"text-align: justify;\"><span style=\"font-family: Arial, sans-serif;\"><span style=\"font-size: large;\">Aix\u00f2 dependr\u00e0 novament d\u2019un canvi de temps, amb el descens de les fortes ratxes de vent, que aquesta nit han estat de 40 i 50 km per hora. Tamb\u00e9 de que minvi la nevada, que ha precipitat durant tota la passada nit a la muntanya.<\/span><\/span><\/p>\n<p lang=\"ca-ES\" style=\"text-align: justify;\"><span style=\"font-family: Arial, sans-serif;\"><span style=\"font-size: large;\"><span style=\"color: #000000;\">Cadiach fa cordada amb Mohammed Ali \u2018Sadpara\u2019, el turc Tunc Findik i un portejador balt\u00ed d\u2019al\u00e7ada. Al camp 2 del Broad, s\u2019han reunit amb altres alpinistes xinesos i americans, que tamb\u00e9 intenten aquesta muntanya del Pakistan. <\/span><\/span><\/span><\/p>\n<p lang=\"ca-ES\" style=\"text-align: justify;\"><span style=\"font-family: Arial, sans-serif;\"><span style=\"font-size: large;\"><span style=\"color: #000000;\">El Broad Peak \u00e9s la muntanya que separa a Cadiach de convertir-se en el primer catal\u00e0 en completar els 14 principals vuitmils principals de la terra sense utilitzar oxigen artificial.\u00a0<\/span><\/span><\/span><\/p>\n<p style=\"text-align: justify;\"><span style=\"color: #000000;\"><span style=\"font-family: Arial, sans-serif;\"><span style=\"font-size: large;\"><span lang=\"ca-ES\">L&#8217;alpinista, s&#8217;ha alegrat de saber a trav\u00e9s <\/span><\/span><\/span><\/span><span style=\"color: #000000;\"><span style=\"font-family: Arial, sans-serif;\"><span style=\"font-size: large;\"><span lang=\"ca-ES\">de la trucada que els amics, Patxi Go\u00f1i i Jordi Bosch \u2018Barraca\u2019, estan sans i estalvis i de tornada a casa -han arribat avui a l\u2019aeroport del Prat- despr\u00e9s d\u2019estar tamb\u00e9 aquest estiu al Karakorum, al Chogolisa, en una expedici\u00f3 integrada pels catalans\u00a0<\/span><\/span><\/span><\/span><span style=\"color: #000000;\"><span style=\"font-family: Arial, sans-serif;\"><span style=\"font-size: large;\">Carles Figueras, Pep Perma\u00f1\u00e9 i el basc, I\u00f1aki Garijo.\u00a0<\/span><\/span><\/span><\/p>\n<p lang=\"ca-ES\" style=\"text-align: justify;\">\n<a class=\"synved-social-button synved-social-button-share synved-social-size-48 synved-social-resolution-single synved-social-provider-facebook nolightbox\" data-provider=\"facebook\" target=\"_blank\" rel=\"nofollow\" title=\"Compartir a Facebook\" href=\"https:\/\/www.facebook.com\/sharer.php?u=https%3A%2F%2Fwww.tarragonaradio.cat%2Felpontdemahoma%2Fwp-json%2Fwp%2Fv2%2Fposts%2F768&#038;t=Vents%20de%2050%20km%2Fh%20i%20una%20nevada%20mantenen%20Cadiach%20al%20camp%202%20del%20Broad%20a%20l%E2%80%99espera%20d%E2%80%99un%20canvi&#038;s=100&#038;p&#091;url&#093;=https%3A%2F%2Fwww.tarragonaradio.cat%2Felpontdemahoma%2Fwp-json%2Fwp%2Fv2%2Fposts%2F768&#038;p&#091;images&#093;&#091;0&#093;=https%3A%2F%2Fwww.tarragonaradio.cat%2Felpontdemahoma%2Fwp-content%2Fuploads%2F2017%2F07%2Fcadiach-nevada.jpg&#038;p&#091;title&#093;=Vents%20de%2050%20km%2Fh%20i%20una%20nevada%20mantenen%20Cadiach%20al%20camp%202%20del%20Broad%20a%20l%E2%80%99espera%20d%E2%80%99un%20canvi\" style=\"font-size: 0px;width:48px;height:48px;margin:0;margin-bottom:5px;margin-right:5px\"><img loading=\"lazy\" decoding=\"async\" alt=\"Facebook\" title=\"Compartir a Facebook\" class=\"synved-share-image synved-social-image synved-social-image-share\" width=\"48\" height=\"48\" style=\"display: inline;width:48px;height:48px;margin: 0;padding: 0;border: none;box-shadow: none\" src=\"https:\/\/www.tarragonaradio.cat\/elpontdemahoma\/wp-content\/plugins\/social-media-feather\/synved-social\/image\/social\/regular\/96x96\/facebook.png\" \/><\/a><a class=\"synved-social-button synved-social-button-share synved-social-size-48 synved-social-resolution-single synved-social-provider-twitter nolightbox\" data-provider=\"twitter\" target=\"_blank\" rel=\"nofollow\" title=\"Compartir a Twitter\" href=\"https:\/\/twitter.com\/intent\/tweet?url=https%3A%2F%2Fwww.tarragonaradio.cat%2Felpontdemahoma%2Fwp-json%2Fwp%2Fv2%2Fposts%2F768&#038;text=Hey%20check%20this%20out\" style=\"font-size: 0px;width:48px;height:48px;margin:0;margin-bottom:5px\"><img loading=\"lazy\" decoding=\"async\" alt=\"twitter\" title=\"Compartir a Twitter\" class=\"synved-share-image synved-social-image synved-social-image-share\" width=\"48\" height=\"48\" style=\"display: inline;width:48px;height:48px;margin: 0;padding: 0;border: none;box-shadow: none\" src=\"https:\/\/www.tarragonaradio.cat\/elpontdemahoma\/wp-content\/plugins\/social-media-feather\/synved-social\/image\/social\/regular\/96x96\/twitter.png\" \/><\/a>","protected":false},"excerpt":{"rendered":"<p>Una nevada persistent i vents de 50 km\/hora mantenen \u00d2scar Cadiach al camp 2 del Broad Peak, a l\u2019espera d\u2019un canvi del mons\u00f3 per a poder seguir cap al camp 3 de la muntanya. L\u2019alpinista tarragon\u00ed no ha pogut pujar fins als 7.200 metres del Broad la passada nit, degut a una nevada persistent, que &hellip; <a href=\"https:\/\/www.tarragonaradio.cat\/elpontdemahoma\/2017\/07\/25\/vents-de-50-kmh-i-una-persistent-nevada-mantenen-cadiach-al-camp-2-del-broad-a-lespera-dun-canvi\/\" class=\"more-link\">Continua la lectura de <span class=\"screen-reader-text\">Vents de 50 km\/h i una nevada mantenen Cadiach al camp 2 del Broad a l\u2019espera d\u2019un canvi<\/span> <span class=\"meta-nav\">&rarr;<\/span><\/a><\/p>\n","protected":false},"author":1,"featured_media":691,"comment_status":"open","ping_status":"closed","sticky":false,"template":"","format":"standard","meta":{"_monsterinsights_skip_tracking":false,"_monsterinsights_sitenote_active":false,"_monsterinsights_sitenote_note":"","_monsterinsights_sitenote_category":0,"footnotes":""},"categories":[4,36,41,2],"tags":[],"class_list":["post-768","post","type-post","status-publish","format-standard","has-post-thumbnail","hentry","category-14-x-8000","category-ali-sadpara","category-broadpeak17","category-oscar-cadiach"],"_links":{"self":[{"href":"https:\/\/www.tarragonaradio.cat\/elpontdemahoma\/wp-json\/wp\/v2\/posts\/768","targetHints":{"allow":["GET"]}}],"collection":[{"href":"https:\/\/www.tarragonaradio.cat\/elpontdemahoma\/wp-json\/wp\/v2\/posts"}],"about":[{"href":"https:\/\/www.tarragonaradio.cat\/elpontdemahoma\/wp-json\/wp\/v2\/types\/post"}],"author":[{"embeddable":true,"href":"https:\/\/www.tarragonaradio.cat\/elpontdemahoma\/wp-json\/wp\/v2\/users\/1"}],"replies":[{"embeddable":true,"href":"https:\/\/www.tarragonaradio.cat\/elpontdemahoma\/wp-json\/wp\/v2\/comments?post=768"}],"version-history":[{"count":2,"href":"https:\/\/www.tarragonaradio.cat\/elpontdemahoma\/wp-json\/wp\/v2\/posts\/768\/revisions"}],"predecessor-version":[{"id":772,"href":"https:\/\/www.tarragonaradio.cat\/elpontdemahoma\/wp-json\/wp\/v2\/posts\/768\/revisions\/772"}],"wp:featuredmedia":[{"embeddable":true,"href":"https:\/\/www.tarragonaradio.cat\/elpontdemahoma\/wp-json\/wp\/v2\/media\/691"}],"wp:attachment":[{"href":"https:\/\/www.tarragonaradio.cat\/elpontdemahoma\/wp-json\/wp\/v2\/media?parent=768"}],"wp:term":[{"taxonomy":"category","embeddable":true,"href":"https:\/\/www.tarragonaradio.cat\/elpontdemahoma\/wp-json\/wp\/v2\/categories?post=768"},{"taxonomy":"post_tag","embeddable":true,"href":"https:\/\/www.tarragonaradio.cat\/elpontdemahoma\/wp-json\/wp\/v2\/tags?post=768"}],"curies":[{"name":"wp","href":"https:\/\/api.w.org\/{rel}","templated":true}]}}